{"id":921,"date":"2015-04-13T16:27:53","date_gmt":"2015-04-13T14:27:53","guid":{"rendered":"http:\/\/mallorca-fotos.info\/?p=921"},"modified":"2019-01-08T16:45:53","modified_gmt":"2019-01-08T14:45:53","slug":"mallorca-im-fruehjahr","status":"publish","type":"post","link":"https:\/\/mallorca-fotos.info\/?p=921","title":{"rendered":"Mallorca im Fr\u00fchjahr"},"content":{"rendered":"<h3><a href=\"http:\/\/mallorca-fotos.info\/wp-content\/uploads\/2015\/04\/IMG_7788-400.jpg\"><img decoding=\"async\" loading=\"lazy\" class=\"alignleft size-full wp-image-923\" src=\"http:\/\/mallorca-fotos.info\/wp-content\/uploads\/2015\/04\/IMG_7788-400.jpg\" alt=\"IMG_7788 400\" width=\"400\" height=\"400\" srcset=\"https:\/\/mallorca-fotos.info\/wp-content\/uploads\/2015\/04\/IMG_7788-400.jpg 400w, https:\/\/mallorca-fotos.info\/wp-content\/uploads\/2015\/04\/IMG_7788-400-150x150.jpg 150w, https:\/\/mallorca-fotos.info\/wp-content\/uploads\/2015\/04\/IMG_7788-400-300x300.jpg 300w\" sizes=\"(max-width: 400px) 100vw, 400px\" \/><\/a>Mallorca im Fr\u00fchjahr<\/h3>\n<p>Ende Februar, wenn es in Deutschland oft noch kalt ist, sprie\u00dfen auf Mallorca die ersten Bl\u00fcten. Den Anfang machen die Mandelb\u00e4ume. Schon in den letzten Januartagen bis in den fr\u00fchen Februar hinein bedecken sie die Insel mit einem Schleier aus wei\u00dfen und zartrosafarbenen Bl\u00fctenbl\u00e4ttern. Zwischen Februar und April ist dann das Hinterland wunderbar gr\u00fcn. In allen Schattierungen von leuchtend gelbgr\u00fcn bis schattig blaugr\u00fcn \u00fcberzieht dann Chlorophyll die H\u00fcgel und Ebenen Mallorcas bis hinauf in die Berge. Zu jener Zeit bl\u00fchen auch Feldblumen, wilde Orchideen und die Obstb\u00e4ume. Auf den Feldern wachsen \u00fcppig feuerroter Klatschmohn und wilde Margatiten.<\/p>\n<p>F\u00fcr Naturfreunde ist diese Zeit sicher inspirieredner als der hei\u00dfe, f\u00fcr viele ersch\u00f6pfnede Insel-Sommer.<\/p>\n<style id=\"bwg-style-0\">    #bwg_container1_0 #bwg_container2_0 .bwg-container-0.bwg-standard-thumbnails {      width: 904px;              justify-content: center;        margin:0 auto !important;              background-color: rgba(255, 255, 255, 0.00);            padding-left: 4px;      padding-top: 4px;      max-width: 100%;            }        #bwg_container1_0 #bwg_container2_0 .bwg-container-0.bwg-standard-thumbnails .bwg-item {    justify-content: flex-start;      max-width: 180px;            width: 180px !important;          }    #bwg_container1_0 #bwg_container2_0 .bwg-container-0.bwg-standard-thumbnails .bwg-item a {       margin-right: 4px;       margin-bottom: 4px;    }    #bwg_container1_0 #bwg_container2_0 .bwg-container-0.bwg-standard-thumbnails .bwg-item0 {      padding: 0px;            background-color:rgba(255,255,255, 0.30);      border: 0px none #CCCCCC;      opacity: 1.00;      border-radius: 0;      box-shadow: 0px 0px 0px #888888;    }    #bwg_container1_0 #bwg_container2_0 .bwg-container-0.bwg-standard-thumbnails .bwg-item1 img {      max-height: none;      max-width: none;      padding: 0 !important;    }        @media only screen and (min-width: 480px) {      #bwg_container1_0 #bwg_container2_0 .bwg-container-0.bwg-standard-thumbnails .bwg-item0 {        transition: all 0.3s ease 0s;-webkit-transition: all 0.3s ease 0s;      }      #bwg_container1_0 #bwg_container2_0 .bwg-container-0.bwg-standard-thumbnails .bwg-item0:hover {        -ms-transform: scale(1.1);        -webkit-transform: scale(1.1);        transform: scale(1.1);      }    }          #bwg_container1_0 #bwg_container2_0 .bwg-container-0.bwg-standard-thumbnails .bwg-item1 {      padding-top: 50%;    }        #bwg_container1_0 #bwg_container2_0 .bwg-container-0.bwg-standard-thumbnails .bwg-title2,    #bwg_container1_0 #bwg_container2_0 .bwg-container-0.bwg-standard-thumbnails .bwg-ecommerce2 {      color: #CCCCCC;      font-family: segoe ui;      font-size: 16px;      font-weight: bold;      padding: 2px;      text-shadow: 0px 0px 0px #888888;      max-height: 100%;    }    #bwg_container1_0 #bwg_container2_0 .bwg-container-0.bwg-standard-thumbnails .bwg-thumb-description span {    color: #323A45;    font-family: Ubuntu;    font-size: 12px;    max-height: 100%;    word-wrap: break-word;    }    #bwg_container1_0 #bwg_container2_0 .bwg-container-0.bwg-standard-thumbnails .bwg-play-icon2 {      font-size: 32px;    }    #bwg_container1_0 #bwg_container2_0 .bwg-container-0.bwg-standard-thumbnails .bwg-ecommerce2 {      font-size: 19.2px;      color: #CCCCCC;    }    <\/style>    <div id=\"bwg_container1_0\"         class=\"bwg_container bwg_thumbnail bwg_thumbnails \"         data-right-click-protection=\"0\"         data-bwg=\"0\"         data-scroll=\"0\"         data-gallery-type=\"thumbnails\"         data-gallery-view-type=\"thumbnails\"         data-current-url=\"\/index.php?rest_route=%2Fwp%2Fv2%2Fposts%2F921\"         data-lightbox-url=\"https:\/\/mallorca-fotos.info\/wp-admin\/admin-ajax.php?action=GalleryBox&#038;current_view=0&#038;gallery_id=87&#038;tag=0&#038;theme_id=1&#038;shortcode_id=24&#038;sort_by=order&#038;order_by=asc&#038;current_url=%2Findex.php%3Frest_route%3D%252Fwp%252Fv2%252Fposts%252F921\"         data-gallery-id=\"87\"         data-popup-width=\"1200\"         data-popup-height=\"800\"         data-is-album=\"gallery\"         data-buttons-position=\"bottom\">      <div id=\"bwg_container2_0\">             <div id=\"ajax_loading_0\" class=\"bwg_loading_div_1\">      <div class=\"bwg_loading_div_2\">        <div class=\"bwg_loading_div_3\">          <div id=\"loading_div_0\" class=\"bwg_spider_ajax_loading\">          <\/div>        <\/div>      <\/div>    <\/div>            <form id=\"gal_front_form_0\"              class=\"bwg-hidden\"              method=\"post\"              action=\"#\"              data-current=\"0\"              data-shortcode-id=\"24\"              data-gallery-type=\"thumbnails\"              data-gallery-id=\"87\"              data-tag=\"0\"              data-album-id=\"0\"              data-theme-id=\"1\"              data-ajax-url=\"https:\/\/mallorca-fotos.info\/wp-admin\/admin-ajax.php?action=bwg_frontend_data\">          <div id=\"bwg_container3_0\" class=\"bwg-background bwg-background-0\">                <div data-max-count=\"5\"         data-thumbnail-width=\"180\"         data-bwg=\"0\"         data-gallery-id=\"87\"         data-lightbox-url=\"https:\/\/mallorca-fotos.info\/wp-admin\/admin-ajax.php?action=GalleryBox&amp;current_view=0&amp;gallery_id=87&amp;tag=0&amp;theme_id=1&amp;shortcode_id=24&amp;sort_by=order&amp;order_by=asc&amp;current_url=%2Findex.php%3Frest_route%3D%252Fwp%252Fv2%252Fposts%252F921\"         id=\"bwg_thumbnails_0\"         class=\"bwg-container-0 bwg-thumbnails bwg-standard-thumbnails bwg-container bwg-border-box\">            <div class=\"bwg-item\">        <a class=\"bwg-a  bwg_lightbox\"  data-image-id=\"1274\" href=\"https:\/\/mallorca-fotos.info\/wp-content\/uploads\/photo-gallery\/IMG_7779.jpg\" data-elementor-open-lightbox=\"no\">                <div class=\"bwg-item0 \">          <div class=\"bwg-item1 \">            <div class=\"bwg-item2\">              <img class=\"skip-lazy bwg_standart_thumb_img_0 \"                   data-id=\"1274\"                   data-width=\"\"                   data-height=\"\"                   data-src=\"https:\/\/mallorca-fotos.info\/wp-content\/uploads\/photo-gallery\/thumb\/IMG_7779.jpg\"                   src=\"https:\/\/mallorca-fotos.info\/wp-content\/uploads\/photo-gallery\/thumb\/IMG_7779.jpg\"                   alt=\"IMG_7779  \"                   title=\"IMG_7779  \" \/>            <\/div>            <div class=\"\">                                                      <\/div>          <\/div>        <\/div>                        <\/a>              <\/div>            <div class=\"bwg-item\">        <a class=\"bwg-a  bwg_lightbox\"  data-image-id=\"1275\" href=\"https:\/\/mallorca-fotos.info\/wp-content\/uploads\/photo-gallery\/IMG_7788.jpg\" data-elementor-open-lightbox=\"no\">                <div class=\"bwg-item0 \">          <div class=\"bwg-item1 \">            <div class=\"bwg-item2\">              <img class=\"skip-lazy bwg_standart_thumb_img_0 \"                   data-id=\"1275\"                   data-width=\"\"                   data-height=\"\"                   data-src=\"https:\/\/mallorca-fotos.info\/wp-content\/uploads\/photo-gallery\/thumb\/IMG_7788.jpg\"                   src=\"https:\/\/mallorca-fotos.info\/wp-content\/uploads\/photo-gallery\/thumb\/IMG_7788.jpg\"                   alt=\"IMG_7788  \"                   title=\"IMG_7788  \" \/>            <\/div>            <div class=\"\">                                                      <\/div>          <\/div>        <\/div>                        <\/a>              <\/div>            <div class=\"bwg-item\">        <a class=\"bwg-a  bwg_lightbox\"  data-image-id=\"1287\" href=\"https:\/\/mallorca-fotos.info\/wp-content\/uploads\/photo-gallery\/IMG_7971.jpg\" data-elementor-open-lightbox=\"no\">                <div class=\"bwg-item0 \">          <div class=\"bwg-item1 \">            <div class=\"bwg-item2\">              <img class=\"skip-lazy bwg_standart_thumb_img_0 \"                   data-id=\"1287\"                   data-width=\"\"                   data-height=\"\"                   data-src=\"https:\/\/mallorca-fotos.info\/wp-content\/uploads\/photo-gallery\/thumb\/IMG_7971.jpg\"                   src=\"https:\/\/mallorca-fotos.info\/wp-content\/uploads\/photo-gallery\/thumb\/IMG_7971.jpg\"                   alt=\"IMG_7971  \"                   title=\"IMG_7971  \" \/>            <\/div>            <div class=\"\">                                                      <\/div>          <\/div>        <\/div>                        <\/a>              <\/div>            <div class=\"bwg-item\">        <a class=\"bwg-a  bwg_lightbox\"  data-image-id=\"1286\" href=\"https:\/\/mallorca-fotos.info\/wp-content\/uploads\/photo-gallery\/IMG_7955.jpg\" data-elementor-open-lightbox=\"no\">                <div class=\"bwg-item0 \">          <div class=\"bwg-item1 \">            <div class=\"bwg-item2\">              <img class=\"skip-lazy bwg_standart_thumb_img_0 \"                   data-id=\"1286\"                   data-width=\"\"                   data-height=\"\"                   data-src=\"https:\/\/mallorca-fotos.info\/wp-content\/uploads\/photo-gallery\/thumb\/IMG_7955.jpg\"                   src=\"https:\/\/mallorca-fotos.info\/wp-content\/uploads\/photo-gallery\/thumb\/IMG_7955.jpg\"                   alt=\"IMG_7955  \"                   title=\"IMG_7955  \" \/>            <\/div>            <div class=\"\">                                                      <\/div>          <\/div>        <\/div>                        <\/a>              <\/div>            <div class=\"bwg-item\">        <a class=\"bwg-a  bwg_lightbox\"  data-image-id=\"1285\" href=\"https:\/\/mallorca-fotos.info\/wp-content\/uploads\/photo-gallery\/IMG_7948.jpg\" data-elementor-open-lightbox=\"no\">                <div class=\"bwg-item0 \">          <div class=\"bwg-item1 \">            <div class=\"bwg-item2\">              <img class=\"skip-lazy bwg_standart_thumb_img_0 \"                   data-id=\"1285\"                   data-width=\"\"                   data-height=\"\"                   data-src=\"https:\/\/mallorca-fotos.info\/wp-content\/uploads\/photo-gallery\/thumb\/IMG_7948.jpg\"                   src=\"https:\/\/mallorca-fotos.info\/wp-content\/uploads\/photo-gallery\/thumb\/IMG_7948.jpg\"                   alt=\"IMG_7948  \"                   title=\"IMG_7948  \" \/>            <\/div>            <div class=\"\">                                                      <\/div>          <\/div>        <\/div>                        <\/a>              <\/div>            <div class=\"bwg-item\">        <a class=\"bwg-a  bwg_lightbox\"  data-image-id=\"1284\" href=\"https:\/\/mallorca-fotos.info\/wp-content\/uploads\/photo-gallery\/IMG_7944.jpg\" data-elementor-open-lightbox=\"no\">                <div class=\"bwg-item0 \">          <div class=\"bwg-item1 \">            <div class=\"bwg-item2\">              <img class=\"skip-lazy bwg_standart_thumb_img_0 \"                   data-id=\"1284\"                   data-width=\"\"                   data-height=\"\"                   data-src=\"https:\/\/mallorca-fotos.info\/wp-content\/uploads\/photo-gallery\/thumb\/IMG_7944.jpg\"                   src=\"https:\/\/mallorca-fotos.info\/wp-content\/uploads\/photo-gallery\/thumb\/IMG_7944.jpg\"                   alt=\"IMG_7944  \"                   title=\"IMG_7944  \" \/>            <\/div>            <div class=\"\">                                                      <\/div>          <\/div>        <\/div>                        <\/a>              <\/div>            <div class=\"bwg-item\">        <a class=\"bwg-a  bwg_lightbox\"  data-image-id=\"1283\" href=\"https:\/\/mallorca-fotos.info\/wp-content\/uploads\/photo-gallery\/IMG_7933.jpg\" data-elementor-open-lightbox=\"no\">                <div class=\"bwg-item0 \">          <div class=\"bwg-item1 \">            <div class=\"bwg-item2\">              <img class=\"skip-lazy bwg_standart_thumb_img_0 \"                   data-id=\"1283\"                   data-width=\"\"                   data-height=\"\"                   data-src=\"https:\/\/mallorca-fotos.info\/wp-content\/uploads\/photo-gallery\/thumb\/IMG_7933.jpg\"                   src=\"https:\/\/mallorca-fotos.info\/wp-content\/uploads\/photo-gallery\/thumb\/IMG_7933.jpg\"                   alt=\"IMG_7933  \"                   title=\"IMG_7933  \" \/>            <\/div>            <div class=\"\">                                                      <\/div>          <\/div>        <\/div>                        <\/a>              <\/div>            <div class=\"bwg-item\">        <a class=\"bwg-a  bwg_lightbox\"  data-image-id=\"1282\" href=\"https:\/\/mallorca-fotos.info\/wp-content\/uploads\/photo-gallery\/IMG_7924.jpg\" data-elementor-open-lightbox=\"no\">                <div class=\"bwg-item0 \">          <div class=\"bwg-item1 \">            <div class=\"bwg-item2\">              <img class=\"skip-lazy bwg_standart_thumb_img_0 \"                   data-id=\"1282\"                   data-width=\"\"                   data-height=\"\"                   data-src=\"https:\/\/mallorca-fotos.info\/wp-content\/uploads\/photo-gallery\/thumb\/IMG_7924.jpg\"                   src=\"https:\/\/mallorca-fotos.info\/wp-content\/uploads\/photo-gallery\/thumb\/IMG_7924.jpg\"                   alt=\"IMG_7924  \"                   title=\"IMG_7924  \" \/>            <\/div>            <div class=\"\">                                                      <\/div>          <\/div>        <\/div>                        <\/a>              <\/div>            <div class=\"bwg-item\">        <a class=\"bwg-a  bwg_lightbox\"  data-image-id=\"1281\" href=\"https:\/\/mallorca-fotos.info\/wp-content\/uploads\/photo-gallery\/IMG_7910.jpg\" data-elementor-open-lightbox=\"no\">                <div class=\"bwg-item0 \">          <div class=\"bwg-item1 \">            <div class=\"bwg-item2\">              <img class=\"skip-lazy bwg_standart_thumb_img_0 \"                   data-id=\"1281\"                   data-width=\"\"                   data-height=\"\"                   data-src=\"https:\/\/mallorca-fotos.info\/wp-content\/uploads\/photo-gallery\/thumb\/IMG_7910.jpg\"                   src=\"https:\/\/mallorca-fotos.info\/wp-content\/uploads\/photo-gallery\/thumb\/IMG_7910.jpg\"                   alt=\"IMG_7910  \"                   title=\"IMG_7910  \" \/>            <\/div>            <div class=\"\">                                                      <\/div>          <\/div>        <\/div>                        <\/a>              <\/div>            <div class=\"bwg-item\">        <a class=\"bwg-a  bwg_lightbox\"  data-image-id=\"1280\" href=\"https:\/\/mallorca-fotos.info\/wp-content\/uploads\/photo-gallery\/IMG_7838.jpg\" data-elementor-open-lightbox=\"no\">                <div class=\"bwg-item0 \">          <div class=\"bwg-item1 \">            <div class=\"bwg-item2\">              <img class=\"skip-lazy bwg_standart_thumb_img_0 \"                   data-id=\"1280\"                   data-width=\"\"                   data-height=\"\"                   data-src=\"https:\/\/mallorca-fotos.info\/wp-content\/uploads\/photo-gallery\/thumb\/IMG_7838.jpg\"                   src=\"https:\/\/mallorca-fotos.info\/wp-content\/uploads\/photo-gallery\/thumb\/IMG_7838.jpg\"                   alt=\"IMG_7838  \"                   title=\"IMG_7838  \" \/>            <\/div>            <div class=\"\">                                                      <\/div>          <\/div>        <\/div>                        <\/a>              <\/div>            <div class=\"bwg-item\">        <a class=\"bwg-a  bwg_lightbox\"  data-image-id=\"1279\" href=\"https:\/\/mallorca-fotos.info\/wp-content\/uploads\/photo-gallery\/IMG_7820.jpg\" data-elementor-open-lightbox=\"no\">                <div class=\"bwg-item0 \">          <div class=\"bwg-item1 \">            <div class=\"bwg-item2\">              <img class=\"skip-lazy bwg_standart_thumb_img_0 \"                   data-id=\"1279\"                   data-width=\"\"                   data-height=\"\"                   data-src=\"https:\/\/mallorca-fotos.info\/wp-content\/uploads\/photo-gallery\/thumb\/IMG_7820.jpg\"                   src=\"https:\/\/mallorca-fotos.info\/wp-content\/uploads\/photo-gallery\/thumb\/IMG_7820.jpg\"                   alt=\"IMG_7820  \"                   title=\"IMG_7820  \" \/>            <\/div>            <div class=\"\">                                                      <\/div>          <\/div>        <\/div>                        <\/a>              <\/div>            <div class=\"bwg-item\">        <a class=\"bwg-a  bwg_lightbox\"  data-image-id=\"1278\" href=\"https:\/\/mallorca-fotos.info\/wp-content\/uploads\/photo-gallery\/IMG_7816.jpg\" data-elementor-open-lightbox=\"no\">                <div class=\"bwg-item0 \">          <div class=\"bwg-item1 \">            <div class=\"bwg-item2\">              <img class=\"skip-lazy bwg_standart_thumb_img_0 \"                   data-id=\"1278\"                   data-width=\"\"                   data-height=\"\"                   data-src=\"https:\/\/mallorca-fotos.info\/wp-content\/uploads\/photo-gallery\/thumb\/IMG_7816.jpg\"                   src=\"https:\/\/mallorca-fotos.info\/wp-content\/uploads\/photo-gallery\/thumb\/IMG_7816.jpg\"                   alt=\"IMG_7816  \"                   title=\"IMG_7816  \" \/>            <\/div>            <div class=\"\">                                                      <\/div>          <\/div>        <\/div>                        <\/a>              <\/div>            <div class=\"bwg-item\">        <a class=\"bwg-a  bwg_lightbox\"  data-image-id=\"1277\" href=\"https:\/\/mallorca-fotos.info\/wp-content\/uploads\/photo-gallery\/IMG_7799.jpg\" data-elementor-open-lightbox=\"no\">                <div class=\"bwg-item0 \">          <div class=\"bwg-item1 \">            <div class=\"bwg-item2\">              <img class=\"skip-lazy bwg_standart_thumb_img_0 \"                   data-id=\"1277\"                   data-width=\"\"                   data-height=\"\"                   data-src=\"https:\/\/mallorca-fotos.info\/wp-content\/uploads\/photo-gallery\/thumb\/IMG_7799.jpg\"                   src=\"https:\/\/mallorca-fotos.info\/wp-content\/uploads\/photo-gallery\/thumb\/IMG_7799.jpg\"                   alt=\"IMG_7799  \"                   title=\"IMG_7799  \" \/>            <\/div>            <div class=\"\">                                                      <\/div>          <\/div>        <\/div>                        <\/a>              <\/div>            <div class=\"bwg-item\">        <a class=\"bwg-a  bwg_lightbox\"  data-image-id=\"1276\" href=\"https:\/\/mallorca-fotos.info\/wp-content\/uploads\/photo-gallery\/IMG_7793.jpg\" data-elementor-open-lightbox=\"no\">                <div class=\"bwg-item0 \">          <div class=\"bwg-item1 \">            <div class=\"bwg-item2\">              <img class=\"skip-lazy bwg_standart_thumb_img_0 \"                   data-id=\"1276\"                   data-width=\"\"                   data-height=\"\"                   data-src=\"https:\/\/mallorca-fotos.info\/wp-content\/uploads\/photo-gallery\/thumb\/IMG_7793.jpg\"                   src=\"https:\/\/mallorca-fotos.info\/wp-content\/uploads\/photo-gallery\/thumb\/IMG_7793.jpg\"                   alt=\"IMG_7793  \"                   title=\"IMG_7793  \" \/>            <\/div>            <div class=\"\">                                                      <\/div>          <\/div>        <\/div>                        <\/a>              <\/div>          <\/div>    <style>      \/*pagination styles*\/      #bwg_container1_0 #bwg_container2_0 .tablenav-pages_0 {\t\t\t\ttext-align: center;\t\t\t\tfont-size: 12px;\t\t\t\tfont-family: segoe ui;\t\t\t\tfont-weight: bold;\t\t\t\tcolor: #666666;\t\t\t\tmargin: 6px 0 4px;\t\t\t\tdisplay: block;      }      @media only screen and (max-width : 320px) {      #bwg_container1_0 #bwg_container2_0 .displaying-num_0 {     \t display: none;      }      }      #bwg_container1_0 #bwg_container2_0 .displaying-num_0 {\t\t\t\tfont-size: 12px;\t\t\t\tfont-family: segoe ui;\t\t\t\tfont-weight: bold;\t\t\t\tcolor: #666666;\t\t\t\tmargin-right: 10px;\t\t\t\tvertical-align: middle;      }      #bwg_container1_0 #bwg_container2_0 .paging-input_0 {\t\t\t\tfont-size: 12px;\t\t\t\tfont-family: segoe ui;\t\t\t\tfont-weight: bold;\t\t\t\tcolor: #666666;\t\t\t\tvertical-align: middle;      }      #bwg_container1_0 #bwg_container2_0 .tablenav-pages_0 a.disabled,      #bwg_container1_0 #bwg_container2_0 .tablenav-pages_0 a.disabled:hover,      #bwg_container1_0 #bwg_container2_0 .tablenav-pages_0 a.disabled:focus,\t\t\t#bwg_container1_0 #bwg_container2_0 .tablenav-pages_0 input.bwg_current_page {\t\t\t\tcursor: default;\t\t\t\tcolor: rgba(102, 102, 102, 0.5);      }      #bwg_container1_0 #bwg_container2_0 .tablenav-pages_0 a,      #bwg_container1_0 #bwg_container2_0 .tablenav-pages_0 input.bwg_current_page {\t\t\t\tcursor: pointer;\t\t\t\ttext-align: center;\t\t\t\tfont-size: 12px;\t\t\t\tfont-family: segoe ui;\t\t\t\tfont-weight: bold;\t\t\t\tcolor: #666666;\t\t\t\ttext-decoration: none;\t\t\t\tpadding: 3px 6px;\t\t\t\tmargin: 0;\t\t\t\tborder-radius: 0;\t\t\t\tborder-style: solid;\t\t\t\tborder-width: 1px;\t\t\t\tborder-color: #E3E3E3;\t\t\t\t\t\t\t\tbackground-color: rgba(255, 255, 255, 1.00);\t\t\t\tbox-shadow: 0;\t\t\t\ttransition: all 0.3s ease 0s;-webkit-transition: all 0.3s ease 0s;      }      <\/style>      <span class=\"bwg_nav_cont_0\">              <div class=\"tablenav-pages_0\">                  <\/div>                <input type=\"hidden\" id=\"page_number_0\" name=\"page_number_0\" value=\"1\" \/>      <script type=\"text\/javascript\">        if( jQuery('.bwg_nav_cont_0').length > 1 ) {          jQuery('.bwg_nav_cont_0').first().remove()        }        function spider_page_0(cur, x, y, load_more) {          if (typeof load_more == \"undefined\") {            var load_more = false;          }          if (jQuery(cur).hasClass('disabled')) {            return false;          }          var items_county_0 = 1;          switch (y) {            case 1:              if (x >= items_county_0) {                document.getElementById('page_number_0').value = items_county_0;              }              else {                document.getElementById('page_number_0').value = x + 1;              }              break;            case 2:              document.getElementById('page_number_0').value = items_county_0;              break;            case -1:              if (x == 1) {                document.getElementById('page_number_0').value = 1;              }              else {                document.getElementById('page_number_0').value = x - 1;              }              break;            case -2:              document.getElementById('page_number_0').value = 1;              break;\t\t\t\t\t\tcase 0:              document.getElementById('page_number_0').value = x;              break;            default:              document.getElementById('page_number_0').value = 1;          }          bwg_ajax('gal_front_form_0', '0', 'bwg_thumbnails_0', '0', '', 'gallery', 0, '', '', load_more, '', 1);        }                    jQuery('.first-page-0').on('click', function () {              spider_page_0(this, 1, -2, 'numeric');              return false;            });            jQuery('.prev-page-0').on('click', function () {              spider_page_0(this, 1, -1, 'numeric');              return false;            });            jQuery('.next-page-0').on('click', function () {              spider_page_0(this, 1, 1, 'numeric');              return false;            });            jQuery('.last-page-0').on('click', function () {              spider_page_0(this, 1, 2, 'numeric');              return false;            });        \t\t\t\t\/* Change page on input enter. *\/        function bwg_change_page_0( e, that ) {          if (  e.key == 'Enter' ) {            var to_page = parseInt(jQuery(that).val());            var pages_count = jQuery(that).parents(\".pagination-links\").data(\"pages-count\");            var current_url_param = jQuery(that).attr('data-url-info');            if (to_page > pages_count) {              to_page = 1;            }\t \t\t\t\t\t\t\t\t\t\t\t\tspider_page_0(this, to_page, 0, 'numeric');\t\t\t\t\t\t\treturn false;\t\t\t\t\t\t          }          return true;        }        jQuery('.bwg_load_btn_0').on('click', function () {            spider_page_0(this, 1, 1, true);            return false;        });      <\/script>      <\/span>                <\/div>        <\/form>        <style>          #bwg_container1_0 #bwg_container2_0 #spider_popup_overlay_0 {          background-color: #000000;          opacity: 0.70;          }          <\/style>        <div id=\"bwg_spider_popup_loading_0\" class=\"bwg_spider_popup_loading\"><\/div>        <div id=\"spider_popup_overlay_0\" class=\"spider_popup_overlay\" onclick=\"spider_destroypopup(1000)\"><\/div>        <input type=\"hidden\" id=\"bwg_random_seed_0\" value=\"1702837971\">                <\/div>    <\/div>    <script>      if (document.readyState === 'complete') {        if( typeof bwg_main_ready == 'function' ) {          if ( jQuery(\"#bwg_container1_0\").height() ) {            bwg_main_ready(jQuery(\"#bwg_container1_0\"));          }        }      } else {        document.addEventListener('DOMContentLoaded', function() {          if( typeof bwg_main_ready == 'function' ) {            if ( jQuery(\"#bwg_container1_0\").height() ) {             bwg_main_ready(jQuery(\"#bwg_container1_0\"));            }          }        });      }    <\/script>    \n","protected":false},"excerpt":{"rendered":"<p>Mallorca im Fr\u00fchjahr Ende Februar, wenn es in Deutschland oft noch kalt ist, sprie\u00dfen auf Mallorca die ersten Bl\u00fcten. Den Anfang machen die Mandelb\u00e4ume. Schon in den letzten Januartagen bis in den fr\u00fchen Februar hinein bedecken sie die Insel mit einem Schleier aus wei\u00dfen und zartrosafarbenen Bl\u00fctenbl\u00e4ttern. Zwischen Februar und April ist dann das Hinterland [&hellip;]<\/p>\n","protected":false},"author":1,"featured_media":0,"comment_status":"closed","ping_status":"closed","sticky":false,"template":"","format":"standard","meta":{"footnotes":""},"categories":[1,12,11],"tags":[],"jetpack_featured_media_url":"","_links":{"self":[{"href":"https:\/\/mallorca-fotos.info\/index.php?rest_route=\/wp\/v2\/posts\/921"}],"collection":[{"href":"https:\/\/mallorca-fotos.info\/index.php?rest_route=\/wp\/v2\/posts"}],"about":[{"href":"https:\/\/mallorca-fotos.info\/index.php?rest_route=\/wp\/v2\/types\/post"}],"author":[{"embeddable":true,"href":"https:\/\/mallorca-fotos.info\/index.php?rest_route=\/wp\/v2\/users\/1"}],"replies":[{"embeddable":true,"href":"https:\/\/mallorca-fotos.info\/index.php?rest_route=%2Fwp%2Fv2%2Fcomments&post=921"}],"version-history":[{"count":11,"href":"https:\/\/mallorca-fotos.info\/index.php?rest_route=\/wp\/v2\/posts\/921\/revisions"}],"predecessor-version":[{"id":933,"href":"https:\/\/mallorca-fotos.info\/index.php?rest_route=\/wp\/v2\/posts\/921\/revisions\/933"}],"wp:attachment":[{"href":"https:\/\/mallorca-fotos.info\/index.php?rest_route=%2Fwp%2Fv2%2Fmedia&parent=921"}],"wp:term":[{"taxonomy":"category","embeddable":true,"href":"https:\/\/mallorca-fotos.info\/index.php?rest_route=%2Fwp%2Fv2%2Fcategories&post=921"},{"taxonomy":"post_tag","embeddable":true,"href":"https:\/\/mallorca-fotos.info\/index.php?rest_route=%2Fwp%2Fv2%2Ftags&post=921"}],"curies":[{"name":"wp","href":"https:\/\/api.w.org\/{rel}","templated":true}]}}