{"id":915,"date":"2015-04-13T11:57:47","date_gmt":"2015-04-13T09:57:47","guid":{"rendered":"http:\/\/mallorca-fotos.info\/?p=915"},"modified":"2019-01-08T16:45:54","modified_gmt":"2019-01-08T14:45:54","slug":"mallorca-mercat-de-sineu-der-wochenmarkt-von-sineu","status":"publish","type":"post","link":"https:\/\/mallorca-fotos.info\/?p=915","title":{"rendered":"Mallorca &#8211; Mercat de Sineu"},"content":{"rendered":"<h3><a href=\"http:\/\/mallorca-fotos.info\/wp-content\/uploads\/2015\/04\/IMG_7899-400.jpg\"><img decoding=\"async\" loading=\"lazy\" class=\"alignleft size-full wp-image-917\" src=\"http:\/\/mallorca-fotos.info\/wp-content\/uploads\/2015\/04\/IMG_7899-400.jpg\" alt=\"IMG_7899 400\" width=\"400\" height=\"400\" srcset=\"https:\/\/mallorca-fotos.info\/wp-content\/uploads\/2015\/04\/IMG_7899-400.jpg 400w, https:\/\/mallorca-fotos.info\/wp-content\/uploads\/2015\/04\/IMG_7899-400-150x150.jpg 150w, https:\/\/mallorca-fotos.info\/wp-content\/uploads\/2015\/04\/IMG_7899-400-300x300.jpg 300w\" sizes=\"(max-width: 400px) 100vw, 400px\" \/><\/a>Mercat de Sineu, der Wochenmarkt von Sineu<\/h3>\n<p>Der Markt von Sineu z\u00e4hlt zu den \u00e4ltesten Einrichtungen seiner Art der Insel. In einer Proklamation verlieh Jaume II., der Sohn des ersten K\u00f6nigs von Mallorca nach der christlichen R\u00fcckeroberung dem St\u00e4dtchen im Jahre des Herrn 1306 das Recht, jeweils mittwochs einen Wochenmarkt abzuhalten. Auch gut 700 Jahre sp\u00e4ter ist der Wochenmarkt ein echtes Ereignis. Das liegt nicht zuletzt auch daran, dass auf dem Markt neben Feldfr\u00fcchten, Kurzwaren und Geschenkartikeln auch lebendes Vieh zum Verkauf steht. Die Standorte der einzelnen St\u00e4nde und Z\u00fcnfte folgen dabei noch weitgehend der alten Platzordnung: Fr\u00fcchte, Gem\u00fcse und Pflanzen findet man auf dem Platz vor dem Hauptportal der Kirche und in der Carrer Major, afrikanische H\u00e4ndler auf der Treppe von San Marcos, Messer und Stahlwaren gibt es in der Pfarrgasse. Das Vieh wie auch die St\u00e4nde f\u00fcr Kleidung, T\u00f6pferwaren und Blumen bev\u00f6lkern den Marktplatz, Plaza es Fossar.<br \/>\nDa zum Wochenmarkt von Sineu auch Urlauber aus allen Teilen der Insel anreisen, wird es ab ca 11.00 Uhr eng in den Gassen der kleinen Ortschaft in der Inselmitte und au\u00dferhalb stauen sich die anrollenden Fahrzeuge auf der Suche nach einem Parkplatz.<br \/>\nMercat de Sineu, Wochen- und Viehmarkt, jeweils Mittwoch von 9.00 bis 13.00 Uhr, neben den normalen Parkpl\u00e4tzen stehen drei kostenpflichtige Parkr\u00e4ume zur Verf\u00fcgung.<\/p>\n<style id=\"bwg-style-0\">    #bwg_container1_0 #bwg_container2_0 .bwg-container-0.bwg-standard-thumbnails {      width: 904px;              justify-content: center;        margin:0 auto !important;              background-color: rgba(255, 255, 255, 0.00);            padding-left: 4px;      padding-top: 4px;      max-width: 100%;            }        #bwg_container1_0 #bwg_container2_0 .bwg-container-0.bwg-standard-thumbnails .bwg-item {    justify-content: flex-start;      max-width: 180px;            width: 180px !important;          }    #bwg_container1_0 #bwg_container2_0 .bwg-container-0.bwg-standard-thumbnails .bwg-item a {       margin-right: 4px;       margin-bottom: 4px;    }    #bwg_container1_0 #bwg_container2_0 .bwg-container-0.bwg-standard-thumbnails .bwg-item0 {      padding: 0px;            background-color:rgba(255,255,255, 0.30);      border: 0px none #CCCCCC;      opacity: 1.00;      border-radius: 0;      box-shadow: 0px 0px 0px #888888;    }    #bwg_container1_0 #bwg_container2_0 .bwg-container-0.bwg-standard-thumbnails .bwg-item1 img {      max-height: none;      max-width: none;      padding: 0 !important;    }        @media only screen and (min-width: 480px) {      #bwg_container1_0 #bwg_container2_0 .bwg-container-0.bwg-standard-thumbnails .bwg-item0 {        transition: all 0.3s ease 0s;-webkit-transition: all 0.3s ease 0s;      }      #bwg_container1_0 #bwg_container2_0 .bwg-container-0.bwg-standard-thumbnails .bwg-item0:hover {        -ms-transform: scale(1.1);        -webkit-transform: scale(1.1);        transform: scale(1.1);      }    }          #bwg_container1_0 #bwg_container2_0 .bwg-container-0.bwg-standard-thumbnails .bwg-item1 {      padding-top: 50%;    }        #bwg_container1_0 #bwg_container2_0 .bwg-container-0.bwg-standard-thumbnails .bwg-title2,    #bwg_container1_0 #bwg_container2_0 .bwg-container-0.bwg-standard-thumbnails .bwg-ecommerce2 {      color: #CCCCCC;      font-family: segoe ui;      font-size: 16px;      font-weight: bold;      padding: 2px;      text-shadow: 0px 0px 0px #888888;      max-height: 100%;    }    #bwg_container1_0 #bwg_container2_0 .bwg-container-0.bwg-standard-thumbnails .bwg-thumb-description span {    color: #323A45;    font-family: Ubuntu;    font-size: 12px;    max-height: 100%;    word-wrap: break-word;    }    #bwg_container1_0 #bwg_container2_0 .bwg-container-0.bwg-standard-thumbnails .bwg-play-icon2 {      font-size: 32px;    }    #bwg_container1_0 #bwg_container2_0 .bwg-container-0.bwg-standard-thumbnails .bwg-ecommerce2 {      font-size: 19.2px;      color: #CCCCCC;    }    <\/style>    <div id=\"bwg_container1_0\"         class=\"bwg_container bwg_thumbnail bwg_thumbnails \"         data-right-click-protection=\"0\"         data-bwg=\"0\"         data-scroll=\"0\"         data-gallery-type=\"thumbnails\"         data-gallery-view-type=\"thumbnails\"         data-current-url=\"\/index.php?rest_route=%2Fwp%2Fv2%2Fposts%2F915\"         data-lightbox-url=\"https:\/\/mallorca-fotos.info\/wp-admin\/admin-ajax.php?action=GalleryBox&#038;current_view=0&#038;gallery_id=86&#038;tag=0&#038;theme_id=1&#038;shortcode_id=22&#038;sort_by=order&#038;order_by=asc&#038;current_url=%2Findex.php%3Frest_route%3D%252Fwp%252Fv2%252Fposts%252F915\"         data-gallery-id=\"86\"         data-popup-width=\"1200\"         data-popup-height=\"800\"         data-is-album=\"gallery\"         data-buttons-position=\"bottom\">      <div id=\"bwg_container2_0\">             <div id=\"ajax_loading_0\" class=\"bwg_loading_div_1\">      <div class=\"bwg_loading_div_2\">        <div class=\"bwg_loading_div_3\">          <div id=\"loading_div_0\" class=\"bwg_spider_ajax_loading\">          <\/div>        <\/div>      <\/div>    <\/div>            <form id=\"gal_front_form_0\"              class=\"bwg-hidden\"              method=\"post\"              action=\"#\"              data-current=\"0\"              data-shortcode-id=\"22\"              data-gallery-type=\"thumbnails\"              data-gallery-id=\"86\"              data-tag=\"0\"              data-album-id=\"0\"              data-theme-id=\"1\"              data-ajax-url=\"https:\/\/mallorca-fotos.info\/wp-admin\/admin-ajax.php?action=bwg_frontend_data\">          <div id=\"bwg_container3_0\" class=\"bwg-background bwg-background-0\">                <div data-max-count=\"5\"         data-thumbnail-width=\"180\"         data-bwg=\"0\"         data-gallery-id=\"86\"         data-lightbox-url=\"https:\/\/mallorca-fotos.info\/wp-admin\/admin-ajax.php?action=GalleryBox&amp;current_view=0&amp;gallery_id=86&amp;tag=0&amp;theme_id=1&amp;shortcode_id=22&amp;sort_by=order&amp;order_by=asc&amp;current_url=%2Findex.php%3Frest_route%3D%252Fwp%252Fv2%252Fposts%252F915\"         id=\"bwg_thumbnails_0\"         class=\"bwg-container-0 bwg-thumbnails bwg-standard-thumbnails bwg-container bwg-border-box\">            <div class=\"bwg-item\">        <a class=\"bwg-a  bwg_lightbox\"  data-image-id=\"1262\" href=\"https:\/\/mallorca-fotos.info\/wp-content\/uploads\/photo-gallery\/IMG_7863.jpg\" data-elementor-open-lightbox=\"no\">                <div class=\"bwg-item0 \">          <div class=\"bwg-item1 \">            <div class=\"bwg-item2\">              <img class=\"skip-lazy bwg_standart_thumb_img_0 \"                   data-id=\"1262\"                   data-width=\"\"                   data-height=\"\"                   data-src=\"https:\/\/mallorca-fotos.info\/wp-content\/uploads\/photo-gallery\/thumb\/IMG_7863.jpg\"                   src=\"https:\/\/mallorca-fotos.info\/wp-content\/uploads\/photo-gallery\/thumb\/IMG_7863.jpg\"                   alt=\"IMG_7863  \"                   title=\"IMG_7863  \" \/>            <\/div>            <div class=\"\">                                                      <\/div>          <\/div>        <\/div>                        <\/a>              <\/div>            <div class=\"bwg-item\">        <a class=\"bwg-a  bwg_lightbox\"  data-image-id=\"1267\" href=\"https:\/\/mallorca-fotos.info\/wp-content\/uploads\/photo-gallery\/IMG_7882.jpg\" data-elementor-open-lightbox=\"no\">                <div class=\"bwg-item0 \">          <div class=\"bwg-item1 \">            <div class=\"bwg-item2\">              <img class=\"skip-lazy bwg_standart_thumb_img_0 \"                   data-id=\"1267\"                   data-width=\"\"                   data-height=\"\"                   data-src=\"https:\/\/mallorca-fotos.info\/wp-content\/uploads\/photo-gallery\/thumb\/IMG_7882.jpg\"                   src=\"https:\/\/mallorca-fotos.info\/wp-content\/uploads\/photo-gallery\/thumb\/IMG_7882.jpg\"                   alt=\"IMG_7882  \"                   title=\"IMG_7882  \" \/>            <\/div>            <div class=\"\">                                                      <\/div>          <\/div>        <\/div>                        <\/a>              <\/div>            <div class=\"bwg-item\">        <a class=\"bwg-a  bwg_lightbox\"  data-image-id=\"1269\" href=\"https:\/\/mallorca-fotos.info\/wp-content\/uploads\/photo-gallery\/IMG_7889.jpg\" data-elementor-open-lightbox=\"no\">                <div class=\"bwg-item0 \">          <div class=\"bwg-item1 \">            <div class=\"bwg-item2\">              <img class=\"skip-lazy bwg_standart_thumb_img_0 \"                   data-id=\"1269\"                   data-width=\"\"                   data-height=\"\"                   data-src=\"https:\/\/mallorca-fotos.info\/wp-content\/uploads\/photo-gallery\/thumb\/IMG_7889.jpg\"                   src=\"https:\/\/mallorca-fotos.info\/wp-content\/uploads\/photo-gallery\/thumb\/IMG_7889.jpg\"                   alt=\"IMG_7889  \"                   title=\"IMG_7889  \" \/>            <\/div>            <div class=\"\">                                                      <\/div>          <\/div>        <\/div>                        <\/a>              <\/div>            <div class=\"bwg-item\">        <a class=\"bwg-a  bwg_lightbox\"  data-image-id=\"1273\" href=\"https:\/\/mallorca-fotos.info\/wp-content\/uploads\/photo-gallery\/IMG_7901.jpg\" data-elementor-open-lightbox=\"no\">                <div class=\"bwg-item0 \">          <div class=\"bwg-item1 \">            <div class=\"bwg-item2\">              <img class=\"skip-lazy bwg_standart_thumb_img_0 \"                   data-id=\"1273\"                   data-width=\"\"                   data-height=\"\"                   data-src=\"https:\/\/mallorca-fotos.info\/wp-content\/uploads\/photo-gallery\/thumb\/IMG_7901.jpg\"                   src=\"https:\/\/mallorca-fotos.info\/wp-content\/uploads\/photo-gallery\/thumb\/IMG_7901.jpg\"                   alt=\"IMG_7901  \"                   title=\"IMG_7901  \" \/>            <\/div>            <div class=\"\">                                                      <\/div>          <\/div>        <\/div>                        <\/a>              <\/div>            <div class=\"bwg-item\">        <a class=\"bwg-a  bwg_lightbox\"  data-image-id=\"1272\" href=\"https:\/\/mallorca-fotos.info\/wp-content\/uploads\/photo-gallery\/IMG_7899.jpg\" data-elementor-open-lightbox=\"no\">                <div class=\"bwg-item0 \">          <div class=\"bwg-item1 \">            <div class=\"bwg-item2\">              <img class=\"skip-lazy bwg_standart_thumb_img_0 \"                   data-id=\"1272\"                   data-width=\"\"                   data-height=\"\"                   data-src=\"https:\/\/mallorca-fotos.info\/wp-content\/uploads\/photo-gallery\/thumb\/IMG_7899.jpg\"                   src=\"https:\/\/mallorca-fotos.info\/wp-content\/uploads\/photo-gallery\/thumb\/IMG_7899.jpg\"                   alt=\"IMG_7899  \"                   title=\"IMG_7899  \" \/>            <\/div>            <div class=\"\">                                                      <\/div>          <\/div>        <\/div>                        <\/a>              <\/div>            <div class=\"bwg-item\">        <a class=\"bwg-a  bwg_lightbox\"  data-image-id=\"1271\" href=\"https:\/\/mallorca-fotos.info\/wp-content\/uploads\/photo-gallery\/IMG_7896.jpg\" data-elementor-open-lightbox=\"no\">                <div class=\"bwg-item0 \">          <div class=\"bwg-item1 \">            <div class=\"bwg-item2\">              <img class=\"skip-lazy bwg_standart_thumb_img_0 \"                   data-id=\"1271\"                   data-width=\"\"                   data-height=\"\"                   data-src=\"https:\/\/mallorca-fotos.info\/wp-content\/uploads\/photo-gallery\/thumb\/IMG_7896.jpg\"                   src=\"https:\/\/mallorca-fotos.info\/wp-content\/uploads\/photo-gallery\/thumb\/IMG_7896.jpg\"                   alt=\"IMG_7896  \"                   title=\"IMG_7896  \" \/>            <\/div>            <div class=\"\">                                                      <\/div>          <\/div>        <\/div>                        <\/a>              <\/div>            <div class=\"bwg-item\">        <a class=\"bwg-a  bwg_lightbox\"  data-image-id=\"1266\" href=\"https:\/\/mallorca-fotos.info\/wp-content\/uploads\/photo-gallery\/IMG_7876.jpg\" data-elementor-open-lightbox=\"no\">                <div class=\"bwg-item0 \">          <div class=\"bwg-item1 \">            <div class=\"bwg-item2\">              <img class=\"skip-lazy bwg_standart_thumb_img_0 \"                   data-id=\"1266\"                   data-width=\"\"                   data-height=\"\"                   data-src=\"https:\/\/mallorca-fotos.info\/wp-content\/uploads\/photo-gallery\/thumb\/IMG_7876.jpg\"                   src=\"https:\/\/mallorca-fotos.info\/wp-content\/uploads\/photo-gallery\/thumb\/IMG_7876.jpg\"                   alt=\"IMG_7876  \"                   title=\"IMG_7876  \" \/>            <\/div>            <div class=\"\">                                                      <\/div>          <\/div>        <\/div>                        <\/a>              <\/div>            <div class=\"bwg-item\">        <a class=\"bwg-a  bwg_lightbox\"  data-image-id=\"1270\" href=\"https:\/\/mallorca-fotos.info\/wp-content\/uploads\/photo-gallery\/IMG_7893.jpg\" data-elementor-open-lightbox=\"no\">                <div class=\"bwg-item0 \">          <div class=\"bwg-item1 \">            <div class=\"bwg-item2\">              <img class=\"skip-lazy bwg_standart_thumb_img_0 \"                   data-id=\"1270\"                   data-width=\"\"                   data-height=\"\"                   data-src=\"https:\/\/mallorca-fotos.info\/wp-content\/uploads\/photo-gallery\/thumb\/IMG_7893.jpg\"                   src=\"https:\/\/mallorca-fotos.info\/wp-content\/uploads\/photo-gallery\/thumb\/IMG_7893.jpg\"                   alt=\"IMG_7893  \"                   title=\"IMG_7893  \" \/>            <\/div>            <div class=\"\">                                                      <\/div>          <\/div>        <\/div>                        <\/a>              <\/div>            <div class=\"bwg-item\">        <a class=\"bwg-a  bwg_lightbox\"  data-image-id=\"1268\" href=\"https:\/\/mallorca-fotos.info\/wp-content\/uploads\/photo-gallery\/IMG_7886.jpg\" data-elementor-open-lightbox=\"no\">                <div class=\"bwg-item0 \">          <div class=\"bwg-item1 \">            <div class=\"bwg-item2\">              <img class=\"skip-lazy bwg_standart_thumb_img_0 \"                   data-id=\"1268\"                   data-width=\"\"                   data-height=\"\"                   data-src=\"https:\/\/mallorca-fotos.info\/wp-content\/uploads\/photo-gallery\/thumb\/IMG_7886.jpg\"                   src=\"https:\/\/mallorca-fotos.info\/wp-content\/uploads\/photo-gallery\/thumb\/IMG_7886.jpg\"                   alt=\"IMG_7886  \"                   title=\"IMG_7886  \" \/>            <\/div>            <div class=\"\">                                                      <\/div>          <\/div>        <\/div>                        <\/a>              <\/div>            <div class=\"bwg-item\">        <a class=\"bwg-a  bwg_lightbox\"  data-image-id=\"1265\" href=\"https:\/\/mallorca-fotos.info\/wp-content\/uploads\/photo-gallery\/IMG_7872.jpg\" data-elementor-open-lightbox=\"no\">                <div class=\"bwg-item0 \">          <div class=\"bwg-item1 \">            <div class=\"bwg-item2\">              <img class=\"skip-lazy bwg_standart_thumb_img_0 \"                   data-id=\"1265\"                   data-width=\"\"                   data-height=\"\"                   data-src=\"https:\/\/mallorca-fotos.info\/wp-content\/uploads\/photo-gallery\/thumb\/IMG_7872.jpg\"                   src=\"https:\/\/mallorca-fotos.info\/wp-content\/uploads\/photo-gallery\/thumb\/IMG_7872.jpg\"                   alt=\"IMG_7872  \"                   title=\"IMG_7872  \" \/>            <\/div>            <div class=\"\">                                                      <\/div>          <\/div>        <\/div>                        <\/a>              <\/div>            <div class=\"bwg-item\">        <a class=\"bwg-a  bwg_lightbox\"  data-image-id=\"1264\" href=\"https:\/\/mallorca-fotos.info\/wp-content\/uploads\/photo-gallery\/IMG_7871.jpg\" data-elementor-open-lightbox=\"no\">                <div class=\"bwg-item0 \">          <div class=\"bwg-item1 \">            <div class=\"bwg-item2\">              <img class=\"skip-lazy bwg_standart_thumb_img_0 \"                   data-id=\"1264\"                   data-width=\"\"                   data-height=\"\"                   data-src=\"https:\/\/mallorca-fotos.info\/wp-content\/uploads\/photo-gallery\/thumb\/IMG_7871.jpg\"                   src=\"https:\/\/mallorca-fotos.info\/wp-content\/uploads\/photo-gallery\/thumb\/IMG_7871.jpg\"                   alt=\"IMG_7871  \"                   title=\"IMG_7871  \" \/>            <\/div>            <div class=\"\">                                                      <\/div>          <\/div>        <\/div>                        <\/a>              <\/div>            <div class=\"bwg-item\">        <a class=\"bwg-a  bwg_lightbox\"  data-image-id=\"1263\" href=\"https:\/\/mallorca-fotos.info\/wp-content\/uploads\/photo-gallery\/IMG_7867.jpg\" data-elementor-open-lightbox=\"no\">                <div class=\"bwg-item0 \">          <div class=\"bwg-item1 \">            <div class=\"bwg-item2\">              <img class=\"skip-lazy bwg_standart_thumb_img_0 \"                   data-id=\"1263\"                   data-width=\"\"                   data-height=\"\"                   data-src=\"https:\/\/mallorca-fotos.info\/wp-content\/uploads\/photo-gallery\/thumb\/IMG_7867.jpg\"                   src=\"https:\/\/mallorca-fotos.info\/wp-content\/uploads\/photo-gallery\/thumb\/IMG_7867.jpg\"                   alt=\"IMG_7867  \"                   title=\"IMG_7867  \" \/>            <\/div>            <div class=\"\">                                                      <\/div>          <\/div>        <\/div>                        <\/a>              <\/div>            <div class=\"bwg-item\">        <a class=\"bwg-a  bwg_lightbox\"  data-image-id=\"1261\" href=\"https:\/\/mallorca-fotos.info\/wp-content\/uploads\/photo-gallery\/IMG_7855.jpg\" data-elementor-open-lightbox=\"no\">                <div class=\"bwg-item0 \">          <div class=\"bwg-item1 \">            <div class=\"bwg-item2\">              <img class=\"skip-lazy bwg_standart_thumb_img_0 \"                   data-id=\"1261\"                   data-width=\"\"                   data-height=\"\"                   data-src=\"https:\/\/mallorca-fotos.info\/wp-content\/uploads\/photo-gallery\/thumb\/IMG_7855.jpg\"                   src=\"https:\/\/mallorca-fotos.info\/wp-content\/uploads\/photo-gallery\/thumb\/IMG_7855.jpg\"                   alt=\"IMG_7855  \"                   title=\"IMG_7855  \" \/>            <\/div>            <div class=\"\">                                                      <\/div>          <\/div>        <\/div>                        <\/a>              <\/div>            <div class=\"bwg-item\">        <a class=\"bwg-a  bwg_lightbox\"  data-image-id=\"1260\" href=\"https:\/\/mallorca-fotos.info\/wp-content\/uploads\/photo-gallery\/IMG_7851.jpg\" data-elementor-open-lightbox=\"no\">                <div class=\"bwg-item0 \">          <div class=\"bwg-item1 \">            <div class=\"bwg-item2\">              <img class=\"skip-lazy bwg_standart_thumb_img_0 \"                   data-id=\"1260\"                   data-width=\"\"                   data-height=\"\"                   data-src=\"https:\/\/mallorca-fotos.info\/wp-content\/uploads\/photo-gallery\/thumb\/IMG_7851.jpg\"                   src=\"https:\/\/mallorca-fotos.info\/wp-content\/uploads\/photo-gallery\/thumb\/IMG_7851.jpg\"                   alt=\"IMG_7851  \"                   title=\"IMG_7851  \" \/>            <\/div>            <div class=\"\">                                                      <\/div>          <\/div>        <\/div>                        <\/a>              <\/div>            <div class=\"bwg-item\">        <a class=\"bwg-a  bwg_lightbox\"  data-image-id=\"1259\" href=\"https:\/\/mallorca-fotos.info\/wp-content\/uploads\/photo-gallery\/IMG_7845.jpg\" data-elementor-open-lightbox=\"no\">                <div class=\"bwg-item0 \">          <div class=\"bwg-item1 \">            <div class=\"bwg-item2\">              <img class=\"skip-lazy bwg_standart_thumb_img_0 \"                   data-id=\"1259\"                   data-width=\"\"                   data-height=\"\"                   data-src=\"https:\/\/mallorca-fotos.info\/wp-content\/uploads\/photo-gallery\/thumb\/IMG_7845.jpg\"                   src=\"https:\/\/mallorca-fotos.info\/wp-content\/uploads\/photo-gallery\/thumb\/IMG_7845.jpg\"                   alt=\"IMG_7845  \"                   title=\"IMG_7845  \" \/>            <\/div>            <div class=\"\">                                                      <\/div>          <\/div>        <\/div>                        <\/a>              <\/div>            <div class=\"bwg-item\">        <a class=\"bwg-a  bwg_lightbox\"  data-image-id=\"1258\" href=\"https:\/\/mallorca-fotos.info\/wp-content\/uploads\/photo-gallery\/IMG_7841.jpg\" data-elementor-open-lightbox=\"no\">                <div class=\"bwg-item0 \">          <div class=\"bwg-item1 \">            <div class=\"bwg-item2\">              <img class=\"skip-lazy bwg_standart_thumb_img_0 \"                   data-id=\"1258\"                   data-width=\"\"                   data-height=\"\"                   data-src=\"https:\/\/mallorca-fotos.info\/wp-content\/uploads\/photo-gallery\/thumb\/IMG_7841.jpg\"                   src=\"https:\/\/mallorca-fotos.info\/wp-content\/uploads\/photo-gallery\/thumb\/IMG_7841.jpg\"                   alt=\"IMG_7841  \"                   title=\"IMG_7841  \" \/>            <\/div>            <div class=\"\">                                                      <\/div>          <\/div>        <\/div>                        <\/a>              <\/div>          <\/div>    <style>      \/*pagination styles*\/      #bwg_container1_0 #bwg_container2_0 .tablenav-pages_0 {\t\t\t\ttext-align: center;\t\t\t\tfont-size: 12px;\t\t\t\tfont-family: segoe ui;\t\t\t\tfont-weight: bold;\t\t\t\tcolor: #666666;\t\t\t\tmargin: 6px 0 4px;\t\t\t\tdisplay: block;      }      @media only screen and (max-width : 320px) {      #bwg_container1_0 #bwg_container2_0 .displaying-num_0 {     \t display: none;      }      }      #bwg_container1_0 #bwg_container2_0 .displaying-num_0 {\t\t\t\tfont-size: 12px;\t\t\t\tfont-family: segoe ui;\t\t\t\tfont-weight: bold;\t\t\t\tcolor: #666666;\t\t\t\tmargin-right: 10px;\t\t\t\tvertical-align: middle;      }      #bwg_container1_0 #bwg_container2_0 .paging-input_0 {\t\t\t\tfont-size: 12px;\t\t\t\tfont-family: segoe ui;\t\t\t\tfont-weight: bold;\t\t\t\tcolor: #666666;\t\t\t\tvertical-align: middle;      }      #bwg_container1_0 #bwg_container2_0 .tablenav-pages_0 a.disabled,      #bwg_container1_0 #bwg_container2_0 .tablenav-pages_0 a.disabled:hover,      #bwg_container1_0 #bwg_container2_0 .tablenav-pages_0 a.disabled:focus,\t\t\t#bwg_container1_0 #bwg_container2_0 .tablenav-pages_0 input.bwg_current_page {\t\t\t\tcursor: default;\t\t\t\tcolor: rgba(102, 102, 102, 0.5);      }      #bwg_container1_0 #bwg_container2_0 .tablenav-pages_0 a,      #bwg_container1_0 #bwg_container2_0 .tablenav-pages_0 input.bwg_current_page {\t\t\t\tcursor: pointer;\t\t\t\ttext-align: center;\t\t\t\tfont-size: 12px;\t\t\t\tfont-family: segoe ui;\t\t\t\tfont-weight: bold;\t\t\t\tcolor: #666666;\t\t\t\ttext-decoration: none;\t\t\t\tpadding: 3px 6px;\t\t\t\tmargin: 0;\t\t\t\tborder-radius: 0;\t\t\t\tborder-style: solid;\t\t\t\tborder-width: 1px;\t\t\t\tborder-color: #E3E3E3;\t\t\t\t\t\t\t\tbackground-color: rgba(255, 255, 255, 1.00);\t\t\t\tbox-shadow: 0;\t\t\t\ttransition: all 0.3s ease 0s;-webkit-transition: all 0.3s ease 0s;      }      <\/style>      <span class=\"bwg_nav_cont_0\">              <div class=\"tablenav-pages_0\">                  <\/div>                <input type=\"hidden\" id=\"page_number_0\" name=\"page_number_0\" value=\"1\" \/>      <script type=\"text\/javascript\">        if( jQuery('.bwg_nav_cont_0').length > 1 ) {          jQuery('.bwg_nav_cont_0').first().remove()        }        function spider_page_0(cur, x, y, load_more) {          if (typeof load_more == \"undefined\") {            var load_more = false;          }          if (jQuery(cur).hasClass('disabled')) {            return false;          }          var items_county_0 = 1;          switch (y) {            case 1:              if (x >= items_county_0) {                document.getElementById('page_number_0').value = items_county_0;              }              else {                document.getElementById('page_number_0').value = x + 1;              }              break;            case 2:              document.getElementById('page_number_0').value = items_county_0;              break;            case -1:              if (x == 1) {                document.getElementById('page_number_0').value = 1;              }              else {                document.getElementById('page_number_0').value = x - 1;              }              break;            case -2:              document.getElementById('page_number_0').value = 1;              break;\t\t\t\t\t\tcase 0:              document.getElementById('page_number_0').value = x;              break;            default:              document.getElementById('page_number_0').value = 1;          }          bwg_ajax('gal_front_form_0', '0', 'bwg_thumbnails_0', '0', '', 'gallery', 0, '', '', load_more, '', 1);        }                    jQuery('.first-page-0').on('click', function () {              spider_page_0(this, 1, -2, 'numeric');              return false;            });            jQuery('.prev-page-0').on('click', function () {              spider_page_0(this, 1, -1, 'numeric');              return false;            });            jQuery('.next-page-0').on('click', function () {              spider_page_0(this, 1, 1, 'numeric');              return false;            });            jQuery('.last-page-0').on('click', function () {              spider_page_0(this, 1, 2, 'numeric');              return false;            });        \t\t\t\t\/* Change page on input enter. *\/        function bwg_change_page_0( e, that ) {          if (  e.key == 'Enter' ) {            var to_page = parseInt(jQuery(that).val());            var pages_count = jQuery(that).parents(\".pagination-links\").data(\"pages-count\");            var current_url_param = jQuery(that).attr('data-url-info');            if (to_page > pages_count) {              to_page = 1;            }\t \t\t\t\t\t\t\t\t\t\t\t\tspider_page_0(this, to_page, 0, 'numeric');\t\t\t\t\t\t\treturn false;\t\t\t\t\t\t          }          return true;        }        jQuery('.bwg_load_btn_0').on('click', function () {            spider_page_0(this, 1, 1, true);            return false;        });      <\/script>      <\/span>                <\/div>        <\/form>        <style>          #bwg_container1_0 #bwg_container2_0 #spider_popup_overlay_0 {          background-color: #000000;          opacity: 0.70;          }          <\/style>        <div id=\"bwg_spider_popup_loading_0\" class=\"bwg_spider_popup_loading\"><\/div>        <div id=\"spider_popup_overlay_0\" class=\"spider_popup_overlay\" onclick=\"spider_destroypopup(1000)\"><\/div>        <input type=\"hidden\" id=\"bwg_random_seed_0\" value=\"362946366\">                <\/div>    <\/div>    <script>      if (document.readyState === 'complete') {        if( typeof bwg_main_ready == 'function' ) {          if ( jQuery(\"#bwg_container1_0\").height() ) {            bwg_main_ready(jQuery(\"#bwg_container1_0\"));          }        }      } else {        document.addEventListener('DOMContentLoaded', function() {          if( typeof bwg_main_ready == 'function' ) {            if ( jQuery(\"#bwg_container1_0\").height() ) {             bwg_main_ready(jQuery(\"#bwg_container1_0\"));            }          }        });      }    <\/script>    \n","protected":false},"excerpt":{"rendered":"<p>Mercat de Sineu, der Wochenmarkt von Sineu Der Markt von Sineu z\u00e4hlt zu den \u00e4ltesten Einrichtungen seiner Art der Insel. In einer Proklamation verlieh Jaume II., der Sohn des ersten K\u00f6nigs von Mallorca nach der christlichen R\u00fcckeroberung dem St\u00e4dtchen im Jahre des Herrn 1306 das Recht, jeweils mittwochs einen Wochenmarkt abzuhalten. Auch gut 700 Jahre [&hellip;]<\/p>\n","protected":false},"author":1,"featured_media":0,"comment_status":"closed","ping_status":"closed","sticky":false,"template":"","format":"standard","meta":{"footnotes":""},"categories":[1,9,4],"tags":[],"jetpack_featured_media_url":"","_links":{"self":[{"href":"https:\/\/mallorca-fotos.info\/index.php?rest_route=\/wp\/v2\/posts\/915"}],"collection":[{"href":"https:\/\/mallorca-fotos.info\/index.php?rest_route=\/wp\/v2\/posts"}],"about":[{"href":"https:\/\/mallorca-fotos.info\/index.php?rest_route=\/wp\/v2\/types\/post"}],"author":[{"embeddable":true,"href":"https:\/\/mallorca-fotos.info\/index.php?rest_route=\/wp\/v2\/users\/1"}],"replies":[{"embeddable":true,"href":"https:\/\/mallorca-fotos.info\/index.php?rest_route=%2Fwp%2Fv2%2Fcomments&post=915"}],"version-history":[{"count":5,"href":"https:\/\/mallorca-fotos.info\/index.php?rest_route=\/wp\/v2\/posts\/915\/revisions"}],"predecessor-version":[{"id":956,"href":"https:\/\/mallorca-fotos.info\/index.php?rest_route=\/wp\/v2\/posts\/915\/revisions\/956"}],"wp:attachment":[{"href":"https:\/\/mallorca-fotos.info\/index.php?rest_route=%2Fwp%2Fv2%2Fmedia&parent=915"}],"wp:term":[{"taxonomy":"category","embeddable":true,"href":"https:\/\/mallorca-fotos.info\/index.php?rest_route=%2Fwp%2Fv2%2Fcategories&post=915"},{"taxonomy":"post_tag","embeddable":true,"href":"https:\/\/mallorca-fotos.info\/index.php?rest_route=%2Fwp%2Fv2%2Ftags&post=915"}],"curies":[{"name":"wp","href":"https:\/\/api.w.org\/{rel}","templated":true}]}}