{"id":904,"date":"2015-03-18T12:16:56","date_gmt":"2015-03-18T10:16:56","guid":{"rendered":"http:\/\/mallorca-fotos.info\/?p=904"},"modified":"2019-01-08T16:45:54","modified_gmt":"2019-01-08T14:45:54","slug":"mallorca-panorama-plaza-olivar-mercado","status":"publish","type":"post","link":"https:\/\/mallorca-fotos.info\/?p=904","title":{"rendered":"Mallorca &#8211; Panorama Plaza Olivar, Mercado"},"content":{"rendered":"<h3><a href=\"http:\/\/mallorca-fotos.info\/wp-content\/uploads\/2015\/03\/Pano-M-Olivar-2.jpg\"><img decoding=\"async\" loading=\"lazy\" class=\"alignleft size-full wp-image-909\" src=\"http:\/\/mallorca-fotos.info\/wp-content\/uploads\/2015\/03\/Pano-M-Olivar-2.jpg\" alt=\"Panorama Plaza Olivar\" width=\"400\" height=\"400\" srcset=\"https:\/\/mallorca-fotos.info\/wp-content\/uploads\/2015\/03\/Pano-M-Olivar-2.jpg 400w, https:\/\/mallorca-fotos.info\/wp-content\/uploads\/2015\/03\/Pano-M-Olivar-2-150x150.jpg 150w, https:\/\/mallorca-fotos.info\/wp-content\/uploads\/2015\/03\/Pano-M-Olivar-2-300x300.jpg 300w\" sizes=\"(max-width: 400px) 100vw, 400px\" \/><\/a>Mallorca &#8211; Panorama Plaza Olivar, Mercado<\/h3>\n<p>Panoramaansicht der Frucht- und Gem\u00fcseabteilung in der gr\u00f6\u00dften Markthalle der Stadt Palma, an der Plaza Olivar (N\u00e4he Plaza Espanya).<\/p>\n<p>\u00d6ffnungszeiten: von Mo. bis Sa.<i> von 9.00 bis 13.00 Uhr,\u00a0 einige St\u00e4nde sind bis 16.00 Uhr g\u00f6ffnet. In der Markthalle befindet sich ein Restaurant, mehrere Tapas-Bars und Sushi-St\u00e4nde sowie ein Mercadona Supermarkt im zweiten Stock.<\/i><\/p>\n<p>[pano file=&#8220;panoramas\/Pano M Olivar\/Pano M Olivar.html&#8220; panobox=&#8220;on&#8220;]<\/p>\n","protected":false},"excerpt":{"rendered":"<p>Mallorca &#8211; Panorama Plaza Olivar, Mercado Panoramaansicht der Frucht- und Gem\u00fcseabteilung in der gr\u00f6\u00dften Markthalle der Stadt Palma, an der Plaza Olivar (N\u00e4he Plaza Espanya). \u00d6ffnungszeiten: von Mo. bis Sa. von 9.00 bis 13.00 Uhr,\u00a0 einige St\u00e4nde sind bis 16.00 Uhr g\u00f6ffnet. In der Markthalle befindet sich ein Restaurant, mehrere Tapas-Bars und Sushi-St\u00e4nde sowie ein [&hellip;]<\/p>\n","protected":false},"author":1,"featured_media":0,"comment_status":"closed","ping_status":"closed","sticky":false,"template":"","format":"standard","meta":{"footnotes":""},"categories":[1,9,3,16],"tags":[],"jetpack_featured_media_url":"","_links":{"self":[{"href":"https:\/\/mallorca-fotos.info\/index.php?rest_route=\/wp\/v2\/posts\/904"}],"collection":[{"href":"https:\/\/mallorca-fotos.info\/index.php?rest_route=\/wp\/v2\/posts"}],"about":[{"href":"https:\/\/mallorca-fotos.info\/index.php?rest_route=\/wp\/v2\/types\/post"}],"author":[{"embeddable":true,"href":"https:\/\/mallorca-fotos.info\/index.php?rest_route=\/wp\/v2\/users\/1"}],"replies":[{"embeddable":true,"href":"https:\/\/mallorca-fotos.info\/index.php?rest_route=%2Fwp%2Fv2%2Fcomments&post=904"}],"version-history":[{"count":8,"href":"https:\/\/mallorca-fotos.info\/index.php?rest_route=\/wp\/v2\/posts\/904\/revisions"}],"predecessor-version":[{"id":913,"href":"https:\/\/mallorca-fotos.info\/index.php?rest_route=\/wp\/v2\/posts\/904\/revisions\/913"}],"wp:attachment":[{"href":"https:\/\/mallorca-fotos.info\/index.php?rest_route=%2Fwp%2Fv2%2Fmedia&parent=904"}],"wp:term":[{"taxonomy":"category","embeddable":true,"href":"https:\/\/mallorca-fotos.info\/index.php?rest_route=%2Fwp%2Fv2%2Fcategories&post=904"},{"taxonomy":"post_tag","embeddable":true,"href":"https:\/\/mallorca-fotos.info\/index.php?rest_route=%2Fwp%2Fv2%2Ftags&post=904"}],"curies":[{"name":"wp","href":"https:\/\/api.w.org\/{rel}","templated":true}]}}