{"id":881,"date":"2015-02-03T10:56:45","date_gmt":"2015-02-03T08:56:45","guid":{"rendered":"http:\/\/mallorca-fotos.info\/?p=881"},"modified":"2019-01-08T16:45:54","modified_gmt":"2019-01-08T14:45:54","slug":"mallorca-palma-santa-catalina","status":"publish","type":"post","link":"https:\/\/mallorca-fotos.info\/?p=881","title":{"rendered":"Mallorca &#8211; Palma, Santa Catalina"},"content":{"rendered":"<h3><a href=\"http:\/\/mallorca-fotos.info\/wp-content\/uploads\/2015\/01\/IMG_6667_400.jpg\"><img decoding=\"async\" loading=\"lazy\" class=\"alignleft size-full wp-image-883\" src=\"http:\/\/mallorca-fotos.info\/wp-content\/uploads\/2015\/01\/IMG_6667_400.jpg\" alt=\"IMG_6667_400\" width=\"400\" height=\"400\" srcset=\"https:\/\/mallorca-fotos.info\/wp-content\/uploads\/2015\/01\/IMG_6667_400.jpg 400w, https:\/\/mallorca-fotos.info\/wp-content\/uploads\/2015\/01\/IMG_6667_400-150x150.jpg 150w, https:\/\/mallorca-fotos.info\/wp-content\/uploads\/2015\/01\/IMG_6667_400-300x300.jpg 300w\" sizes=\"(max-width: 400px) 100vw, 400px\" \/><\/a>Palma, Santa Catalina<\/h3>\n<p>Hoch oben auf einer Klippe \u00fcber dem Meer pfl\u00fcgten die m\u00e4chtigen R\u00e4der der Windm\u00fchlen durch die frische Brise von See um Getreide zu mahlen, das \u00fcbers Meer und aus dem mallorquinischen Hinterland kam. Hinter der Anh\u00f6he lagen die Wohnungen und H\u00e4user der Fischer, nicht h\u00f6her als ein, zwei Stockwerke, meist von kleinem Zuschnitt, manchmal mit einem winzigen St\u00fcck Gr\u00fcn im Hinterhof. Auch kleinere Gewerbebetriebe, die f\u00fcr die Schifffahrt n\u00fctzlich sind, siedelten sich hier an. So gab es Seilmacher, Netz- und Segelmacher vor Ort.<\/p>\n<p>Damit etablierte sich im 19. und zu Beginn des 20. Jahrhunderts im Westen der durch die Stadtmauern markierten Grenze der Altstadt von Palma das lebhafte Fischer- und Gewerbeviertel Santa Catalina. Erst mit dem Ausbau des Hafens von Palma, der das Meer in immer weitere Ferne r\u00fcckte, nahm die Bedeutung der Siedlung langsam wieder ab. Viele alte H\u00e4user verfielen.<br \/>\nHeute erlebt das bislang traditionell ausgerichtete Viertel einen Neuanfang. Vor allem K\u00fcnstlernaturen und boheme Sch\u00f6ngeister begeistern sich f\u00fcr die bis zu 120 Jahre alten Wohnungen, renovieren und restaurieren \u2013 oft mit Geschmack \u2013 oder erf\u00fcllen sich den Traum von der neuen unabh\u00e4ngigen Existenz. Dementsprechend bl\u00fchen hippe Secondhand-L\u00e4den neben exotischen Boutiquen, polyglott aufgestellte B\u00fccherstuben neben schicken Stra\u00dfencaf\u00e9s, die sich vornehmlich im Zentrum des Viertels um die muntere Markthalle von Santa Catalina gruppieren. Weiter oben im Norden schlie\u00dft sich mit der Carrer de la F\u00e1brica eine zur Fu\u00dfg\u00e4ngerzone umgewandelte Stra\u00dfe an, die von vielen traditionellen Restaurants und Tavernen flankiert wird. Gen Meer, an der Carrer de Sant Mag\u00ed treten dagegen alternative Ans\u00e4tze wir Sushi-Stuben, Burger-Schmieden und Tapas-Kneipen in den Vordergrund.<\/p>\n<style id=\"bwg-style-0\">    #bwg_container1_0 #bwg_container2_0 .bwg-container-0.bwg-standard-thumbnails {      width: 904px;              justify-content: center;        margin:0 auto !important;              background-color: rgba(255, 255, 255, 0.00);            padding-left: 4px;      padding-top: 4px;      max-width: 100%;            }        #bwg_container1_0 #bwg_container2_0 .bwg-container-0.bwg-standard-thumbnails .bwg-item {    justify-content: flex-start;      max-width: 180px;            width: 180px !important;          }    #bwg_container1_0 #bwg_container2_0 .bwg-container-0.bwg-standard-thumbnails .bwg-item a {       margin-right: 4px;       margin-bottom: 4px;    }    #bwg_container1_0 #bwg_container2_0 .bwg-container-0.bwg-standard-thumbnails .bwg-item0 {      padding: 0px;            background-color:rgba(255,255,255, 0.30);      border: 0px none #CCCCCC;      opacity: 1.00;      border-radius: 0;      box-shadow: 0px 0px 0px #888888;    }    #bwg_container1_0 #bwg_container2_0 .bwg-container-0.bwg-standard-thumbnails .bwg-item1 img {      max-height: none;      max-width: none;      padding: 0 !important;    }        @media only screen and (min-width: 480px) {      #bwg_container1_0 #bwg_container2_0 .bwg-container-0.bwg-standard-thumbnails .bwg-item0 {        transition: all 0.3s ease 0s;-webkit-transition: all 0.3s ease 0s;      }      #bwg_container1_0 #bwg_container2_0 .bwg-container-0.bwg-standard-thumbnails .bwg-item0:hover {        -ms-transform: scale(1.1);        -webkit-transform: scale(1.1);        transform: scale(1.1);      }    }          #bwg_container1_0 #bwg_container2_0 .bwg-container-0.bwg-standard-thumbnails .bwg-item1 {      padding-top: 50%;    }        #bwg_container1_0 #bwg_container2_0 .bwg-container-0.bwg-standard-thumbnails .bwg-title2,    #bwg_container1_0 #bwg_container2_0 .bwg-container-0.bwg-standard-thumbnails .bwg-ecommerce2 {      color: #CCCCCC;      font-family: segoe ui;      font-size: 16px;      font-weight: bold;      padding: 2px;      text-shadow: 0px 0px 0px #888888;      max-height: 100%;    }    #bwg_container1_0 #bwg_container2_0 .bwg-container-0.bwg-standard-thumbnails .bwg-thumb-description span {    color: #323A45;    font-family: Ubuntu;    font-size: 12px;    max-height: 100%;    word-wrap: break-word;    }    #bwg_container1_0 #bwg_container2_0 .bwg-container-0.bwg-standard-thumbnails .bwg-play-icon2 {      font-size: 32px;    }    #bwg_container1_0 #bwg_container2_0 .bwg-container-0.bwg-standard-thumbnails .bwg-ecommerce2 {      font-size: 19.2px;      color: #CCCCCC;    }    <\/style>    <div id=\"bwg_container1_0\"         class=\"bwg_container bwg_thumbnail bwg_thumbnails \"         data-right-click-protection=\"0\"         data-bwg=\"0\"         data-scroll=\"0\"         data-gallery-type=\"thumbnails\"         data-gallery-view-type=\"thumbnails\"         data-current-url=\"\/index.php?rest_route=%2Fwp%2Fv2%2Fposts%2F881\"         data-lightbox-url=\"https:\/\/mallorca-fotos.info\/wp-admin\/admin-ajax.php?action=GalleryBox&#038;current_view=0&#038;gallery_id=84&#038;tag=0&#038;theme_id=1&#038;shortcode_id=21&#038;sort_by=order&#038;order_by=asc&#038;current_url=%2Findex.php%3Frest_route%3D%252Fwp%252Fv2%252Fposts%252F881\"         data-gallery-id=\"84\"         data-popup-width=\"1200\"         data-popup-height=\"800\"         data-is-album=\"gallery\"         data-buttons-position=\"bottom\">      <div id=\"bwg_container2_0\">             <div id=\"ajax_loading_0\" class=\"bwg_loading_div_1\">      <div class=\"bwg_loading_div_2\">        <div class=\"bwg_loading_div_3\">          <div id=\"loading_div_0\" class=\"bwg_spider_ajax_loading\">          <\/div>        <\/div>      <\/div>    <\/div>            <form id=\"gal_front_form_0\"              class=\"bwg-hidden\"              method=\"post\"              action=\"#\"              data-current=\"0\"              data-shortcode-id=\"21\"              data-gallery-type=\"thumbnails\"              data-gallery-id=\"84\"              data-tag=\"0\"              data-album-id=\"0\"              data-theme-id=\"1\"              data-ajax-url=\"https:\/\/mallorca-fotos.info\/wp-admin\/admin-ajax.php?action=bwg_frontend_data\">          <div id=\"bwg_container3_0\" class=\"bwg-background bwg-background-0\">                <div data-max-count=\"5\"         data-thumbnail-width=\"180\"         data-bwg=\"0\"         data-gallery-id=\"84\"         data-lightbox-url=\"https:\/\/mallorca-fotos.info\/wp-admin\/admin-ajax.php?action=GalleryBox&amp;current_view=0&amp;gallery_id=84&amp;tag=0&amp;theme_id=1&amp;shortcode_id=21&amp;sort_by=order&amp;order_by=asc&amp;current_url=%2Findex.php%3Frest_route%3D%252Fwp%252Fv2%252Fposts%252F881\"         id=\"bwg_thumbnails_0\"         class=\"bwg-container-0 bwg-thumbnails bwg-standard-thumbnails bwg-container bwg-border-box\">            <div class=\"bwg-item\">        <a class=\"bwg-a  bwg_lightbox\"  data-image-id=\"1242\" href=\"https:\/\/mallorca-fotos.info\/wp-content\/uploads\/photo-gallery\/IMG_6670.jpg\" data-elementor-open-lightbox=\"no\">                <div class=\"bwg-item0 \">          <div class=\"bwg-item1 \">            <div class=\"bwg-item2\">              <img class=\"skip-lazy bwg_standart_thumb_img_0 \"                   data-id=\"1242\"                   data-width=\"\"                   data-height=\"\"                   data-src=\"https:\/\/mallorca-fotos.info\/wp-content\/uploads\/photo-gallery\/thumb\/IMG_6670.jpg\"                   src=\"https:\/\/mallorca-fotos.info\/wp-content\/uploads\/photo-gallery\/thumb\/IMG_6670.jpg\"                   alt=\"IMG_6670\"                   title=\"IMG_6670\" \/>            <\/div>            <div class=\"\">                                                      <\/div>          <\/div>        <\/div>                        <\/a>              <\/div>            <div class=\"bwg-item\">        <a class=\"bwg-a  bwg_lightbox\"  data-image-id=\"1241\" href=\"https:\/\/mallorca-fotos.info\/wp-content\/uploads\/photo-gallery\/IMG_6667.jpg\" data-elementor-open-lightbox=\"no\">                <div class=\"bwg-item0 \">          <div class=\"bwg-item1 \">            <div class=\"bwg-item2\">              <img class=\"skip-lazy bwg_standart_thumb_img_0 \"                   data-id=\"1241\"                   data-width=\"\"                   data-height=\"\"                   data-src=\"https:\/\/mallorca-fotos.info\/wp-content\/uploads\/photo-gallery\/thumb\/IMG_6667.jpg\"                   src=\"https:\/\/mallorca-fotos.info\/wp-content\/uploads\/photo-gallery\/thumb\/IMG_6667.jpg\"                   alt=\"IMG_6667\"                   title=\"IMG_6667\" \/>            <\/div>            <div class=\"\">                                                      <\/div>          <\/div>        <\/div>                        <\/a>              <\/div>            <div class=\"bwg-item\">        <a class=\"bwg-a  bwg_lightbox\"  data-image-id=\"1239\" href=\"https:\/\/mallorca-fotos.info\/wp-content\/uploads\/photo-gallery\/IMG_6662.jpg\" data-elementor-open-lightbox=\"no\">                <div class=\"bwg-item0 \">          <div class=\"bwg-item1 \">            <div class=\"bwg-item2\">              <img class=\"skip-lazy bwg_standart_thumb_img_0 \"                   data-id=\"1239\"                   data-width=\"\"                   data-height=\"\"                   data-src=\"https:\/\/mallorca-fotos.info\/wp-content\/uploads\/photo-gallery\/thumb\/IMG_6662.jpg\"                   src=\"https:\/\/mallorca-fotos.info\/wp-content\/uploads\/photo-gallery\/thumb\/IMG_6662.jpg\"                   alt=\"IMG_6662\"                   title=\"IMG_6662\" \/>            <\/div>            <div class=\"\">                                                      <\/div>          <\/div>        <\/div>                        <\/a>              <\/div>            <div class=\"bwg-item\">        <a class=\"bwg-a  bwg_lightbox\"  data-image-id=\"1237\" href=\"https:\/\/mallorca-fotos.info\/wp-content\/uploads\/photo-gallery\/IMG_6607.jpg\" data-elementor-open-lightbox=\"no\">                <div class=\"bwg-item0 \">          <div class=\"bwg-item1 \">            <div class=\"bwg-item2\">              <img class=\"skip-lazy bwg_standart_thumb_img_0 \"                   data-id=\"1237\"                   data-width=\"\"                   data-height=\"\"                   data-src=\"https:\/\/mallorca-fotos.info\/wp-content\/uploads\/photo-gallery\/thumb\/IMG_6607.jpg\"                   src=\"https:\/\/mallorca-fotos.info\/wp-content\/uploads\/photo-gallery\/thumb\/IMG_6607.jpg\"                   alt=\"IMG_6607\"                   title=\"IMG_6607\" \/>            <\/div>            <div class=\"\">                                                      <\/div>          <\/div>        <\/div>                        <\/a>              <\/div>            <div class=\"bwg-item\">        <a class=\"bwg-a  bwg_lightbox\"  data-image-id=\"1236\" href=\"https:\/\/mallorca-fotos.info\/wp-content\/uploads\/photo-gallery\/IMG_6606.jpg\" data-elementor-open-lightbox=\"no\">                <div class=\"bwg-item0 \">          <div class=\"bwg-item1 \">            <div class=\"bwg-item2\">              <img class=\"skip-lazy bwg_standart_thumb_img_0 \"                   data-id=\"1236\"                   data-width=\"\"                   data-height=\"\"                   data-src=\"https:\/\/mallorca-fotos.info\/wp-content\/uploads\/photo-gallery\/thumb\/IMG_6606.jpg\"                   src=\"https:\/\/mallorca-fotos.info\/wp-content\/uploads\/photo-gallery\/thumb\/IMG_6606.jpg\"                   alt=\"IMG_6606\"                   title=\"IMG_6606\" \/>            <\/div>            <div class=\"\">                                                      <\/div>          <\/div>        <\/div>                        <\/a>              <\/div>            <div class=\"bwg-item\">        <a class=\"bwg-a  bwg_lightbox\"  data-image-id=\"1235\" href=\"https:\/\/mallorca-fotos.info\/wp-content\/uploads\/photo-gallery\/IMG_6604.jpg\" data-elementor-open-lightbox=\"no\">                <div class=\"bwg-item0 \">          <div class=\"bwg-item1 \">            <div class=\"bwg-item2\">              <img class=\"skip-lazy bwg_standart_thumb_img_0 \"                   data-id=\"1235\"                   data-width=\"\"                   data-height=\"\"                   data-src=\"https:\/\/mallorca-fotos.info\/wp-content\/uploads\/photo-gallery\/thumb\/IMG_6604.jpg\"                   src=\"https:\/\/mallorca-fotos.info\/wp-content\/uploads\/photo-gallery\/thumb\/IMG_6604.jpg\"                   alt=\"IMG_6604\"                   title=\"IMG_6604\" \/>            <\/div>            <div class=\"\">                                                      <\/div>          <\/div>        <\/div>                        <\/a>              <\/div>            <div class=\"bwg-item\">        <a class=\"bwg-a  bwg_lightbox\"  data-image-id=\"1234\" href=\"https:\/\/mallorca-fotos.info\/wp-content\/uploads\/photo-gallery\/IMG_6603.jpg\" data-elementor-open-lightbox=\"no\">                <div class=\"bwg-item0 \">          <div class=\"bwg-item1 \">            <div class=\"bwg-item2\">              <img class=\"skip-lazy bwg_standart_thumb_img_0 \"                   data-id=\"1234\"                   data-width=\"\"                   data-height=\"\"                   data-src=\"https:\/\/mallorca-fotos.info\/wp-content\/uploads\/photo-gallery\/thumb\/IMG_6603.jpg\"                   src=\"https:\/\/mallorca-fotos.info\/wp-content\/uploads\/photo-gallery\/thumb\/IMG_6603.jpg\"                   alt=\"IMG_6603\"                   title=\"IMG_6603\" \/>            <\/div>            <div class=\"\">                                                      <\/div>          <\/div>        <\/div>                        <\/a>              <\/div>            <div class=\"bwg-item\">        <a class=\"bwg-a  bwg_lightbox\"  data-image-id=\"1233\" href=\"https:\/\/mallorca-fotos.info\/wp-content\/uploads\/photo-gallery\/IMG_6599.jpg\" data-elementor-open-lightbox=\"no\">                <div class=\"bwg-item0 \">          <div class=\"bwg-item1 \">            <div class=\"bwg-item2\">              <img class=\"skip-lazy bwg_standart_thumb_img_0 \"                   data-id=\"1233\"                   data-width=\"\"                   data-height=\"\"                   data-src=\"https:\/\/mallorca-fotos.info\/wp-content\/uploads\/photo-gallery\/thumb\/IMG_6599.jpg\"                   src=\"https:\/\/mallorca-fotos.info\/wp-content\/uploads\/photo-gallery\/thumb\/IMG_6599.jpg\"                   alt=\"IMG_6599\"                   title=\"IMG_6599\" \/>            <\/div>            <div class=\"\">                                                      <\/div>          <\/div>        <\/div>                        <\/a>              <\/div>            <div class=\"bwg-item\">        <a class=\"bwg-a  bwg_lightbox\"  data-image-id=\"1232\" href=\"https:\/\/mallorca-fotos.info\/wp-content\/uploads\/photo-gallery\/IMG_6597.jpg\" data-elementor-open-lightbox=\"no\">                <div class=\"bwg-item0 \">          <div class=\"bwg-item1 \">            <div class=\"bwg-item2\">              <img class=\"skip-lazy bwg_standart_thumb_img_0 \"                   data-id=\"1232\"                   data-width=\"\"                   data-height=\"\"                   data-src=\"https:\/\/mallorca-fotos.info\/wp-content\/uploads\/photo-gallery\/thumb\/IMG_6597.jpg\"                   src=\"https:\/\/mallorca-fotos.info\/wp-content\/uploads\/photo-gallery\/thumb\/IMG_6597.jpg\"                   alt=\"IMG_6597\"                   title=\"IMG_6597\" \/>            <\/div>            <div class=\"\">                                                      <\/div>          <\/div>        <\/div>                        <\/a>              <\/div>            <div class=\"bwg-item\">        <a class=\"bwg-a  bwg_lightbox\"  data-image-id=\"1240\" href=\"https:\/\/mallorca-fotos.info\/wp-content\/uploads\/photo-gallery\/IMG_6664.jpg\" data-elementor-open-lightbox=\"no\">                <div class=\"bwg-item0 \">          <div class=\"bwg-item1 \">            <div class=\"bwg-item2\">              <img class=\"skip-lazy bwg_standart_thumb_img_0 \"                   data-id=\"1240\"                   data-width=\"\"                   data-height=\"\"                   data-src=\"https:\/\/mallorca-fotos.info\/wp-content\/uploads\/photo-gallery\/thumb\/IMG_6664.jpg\"                   src=\"https:\/\/mallorca-fotos.info\/wp-content\/uploads\/photo-gallery\/thumb\/IMG_6664.jpg\"                   alt=\"IMG_6664\"                   title=\"IMG_6664\" \/>            <\/div>            <div class=\"\">                                                      <\/div>          <\/div>        <\/div>                        <\/a>              <\/div>            <div class=\"bwg-item\">        <a class=\"bwg-a  bwg_lightbox\"  data-image-id=\"1231\" href=\"https:\/\/mallorca-fotos.info\/wp-content\/uploads\/photo-gallery\/IMG_6591.jpg\" data-elementor-open-lightbox=\"no\">                <div class=\"bwg-item0 \">          <div class=\"bwg-item1 \">            <div class=\"bwg-item2\">              <img class=\"skip-lazy bwg_standart_thumb_img_0 \"                   data-id=\"1231\"                   data-width=\"\"                   data-height=\"\"                   data-src=\"https:\/\/mallorca-fotos.info\/wp-content\/uploads\/photo-gallery\/thumb\/IMG_6591.jpg\"                   src=\"https:\/\/mallorca-fotos.info\/wp-content\/uploads\/photo-gallery\/thumb\/IMG_6591.jpg\"                   alt=\"IMG_6591\"                   title=\"IMG_6591\" \/>            <\/div>            <div class=\"\">                                                      <\/div>          <\/div>        <\/div>                        <\/a>              <\/div>            <div class=\"bwg-item\">        <a class=\"bwg-a  bwg_lightbox\"  data-image-id=\"1230\" href=\"https:\/\/mallorca-fotos.info\/wp-content\/uploads\/photo-gallery\/IMG_6589.jpg\" data-elementor-open-lightbox=\"no\">                <div class=\"bwg-item0 \">          <div class=\"bwg-item1 \">            <div class=\"bwg-item2\">              <img class=\"skip-lazy bwg_standart_thumb_img_0 \"                   data-id=\"1230\"                   data-width=\"\"                   data-height=\"\"                   data-src=\"https:\/\/mallorca-fotos.info\/wp-content\/uploads\/photo-gallery\/thumb\/IMG_6589.jpg\"                   src=\"https:\/\/mallorca-fotos.info\/wp-content\/uploads\/photo-gallery\/thumb\/IMG_6589.jpg\"                   alt=\"IMG_6589\"                   title=\"IMG_6589\" \/>            <\/div>            <div class=\"\">                                                      <\/div>          <\/div>        <\/div>                        <\/a>              <\/div>            <div class=\"bwg-item\">        <a class=\"bwg-a  bwg_lightbox\"  data-image-id=\"1238\" href=\"https:\/\/mallorca-fotos.info\/wp-content\/uploads\/photo-gallery\/IMG_6608.jpg\" data-elementor-open-lightbox=\"no\">                <div class=\"bwg-item0 \">          <div class=\"bwg-item1 \">            <div class=\"bwg-item2\">              <img class=\"skip-lazy bwg_standart_thumb_img_0 \"                   data-id=\"1238\"                   data-width=\"\"                   data-height=\"\"                   data-src=\"https:\/\/mallorca-fotos.info\/wp-content\/uploads\/photo-gallery\/thumb\/IMG_6608.jpg\"                   src=\"https:\/\/mallorca-fotos.info\/wp-content\/uploads\/photo-gallery\/thumb\/IMG_6608.jpg\"                   alt=\"IMG_6608\"                   title=\"IMG_6608\" \/>            <\/div>            <div class=\"\">                                                      <\/div>          <\/div>        <\/div>                        <\/a>              <\/div>            <div class=\"bwg-item\">        <a class=\"bwg-a  bwg_lightbox\"  data-image-id=\"1228\" href=\"https:\/\/mallorca-fotos.info\/wp-content\/uploads\/photo-gallery\/IMG_6578.jpg\" data-elementor-open-lightbox=\"no\">                <div class=\"bwg-item0 \">          <div class=\"bwg-item1 \">            <div class=\"bwg-item2\">              <img class=\"skip-lazy bwg_standart_thumb_img_0 \"                   data-id=\"1228\"                   data-width=\"\"                   data-height=\"\"                   data-src=\"https:\/\/mallorca-fotos.info\/wp-content\/uploads\/photo-gallery\/thumb\/IMG_6578.jpg\"                   src=\"https:\/\/mallorca-fotos.info\/wp-content\/uploads\/photo-gallery\/thumb\/IMG_6578.jpg\"                   alt=\"IMG_6578\"                   title=\"IMG_6578\" \/>            <\/div>            <div class=\"\">                                                      <\/div>          <\/div>        <\/div>                        <\/a>              <\/div>            <div class=\"bwg-item\">        <a class=\"bwg-a  bwg_lightbox\"  data-image-id=\"1227\" href=\"https:\/\/mallorca-fotos.info\/wp-content\/uploads\/photo-gallery\/IMG_6576.jpg\" data-elementor-open-lightbox=\"no\">                <div class=\"bwg-item0 \">          <div class=\"bwg-item1 \">            <div class=\"bwg-item2\">              <img class=\"skip-lazy bwg_standart_thumb_img_0 \"                   data-id=\"1227\"                   data-width=\"\"                   data-height=\"\"                   data-src=\"https:\/\/mallorca-fotos.info\/wp-content\/uploads\/photo-gallery\/thumb\/IMG_6576.jpg\"                   src=\"https:\/\/mallorca-fotos.info\/wp-content\/uploads\/photo-gallery\/thumb\/IMG_6576.jpg\"                   alt=\"IMG_6576\"                   title=\"IMG_6576\" \/>            <\/div>            <div class=\"\">                                                      <\/div>          <\/div>        <\/div>                        <\/a>              <\/div>            <div class=\"bwg-item\">        <a class=\"bwg-a  bwg_lightbox\"  data-image-id=\"1225\" href=\"https:\/\/mallorca-fotos.info\/wp-content\/uploads\/photo-gallery\/IMG_6572.jpg\" data-elementor-open-lightbox=\"no\">                <div class=\"bwg-item0 \">          <div class=\"bwg-item1 \">            <div class=\"bwg-item2\">              <img class=\"skip-lazy bwg_standart_thumb_img_0 \"                   data-id=\"1225\"                   data-width=\"\"                   data-height=\"\"                   data-src=\"https:\/\/mallorca-fotos.info\/wp-content\/uploads\/photo-gallery\/thumb\/IMG_6572.jpg\"                   src=\"https:\/\/mallorca-fotos.info\/wp-content\/uploads\/photo-gallery\/thumb\/IMG_6572.jpg\"                   alt=\"IMG_6572\"                   title=\"IMG_6572\" \/>            <\/div>            <div class=\"\">                                                      <\/div>          <\/div>        <\/div>                        <\/a>              <\/div>            <div class=\"bwg-item\">        <a class=\"bwg-a  bwg_lightbox\"  data-image-id=\"1224\" href=\"https:\/\/mallorca-fotos.info\/wp-content\/uploads\/photo-gallery\/IMG_6571.jpg\" data-elementor-open-lightbox=\"no\">                <div class=\"bwg-item0 \">          <div class=\"bwg-item1 \">            <div class=\"bwg-item2\">              <img class=\"skip-lazy bwg_standart_thumb_img_0 \"                   data-id=\"1224\"                   data-width=\"\"                   data-height=\"\"                   data-src=\"https:\/\/mallorca-fotos.info\/wp-content\/uploads\/photo-gallery\/thumb\/IMG_6571.jpg\"                   src=\"https:\/\/mallorca-fotos.info\/wp-content\/uploads\/photo-gallery\/thumb\/IMG_6571.jpg\"                   alt=\"IMG_6571\"                   title=\"IMG_6571\" \/>            <\/div>            <div class=\"\">                                                      <\/div>          <\/div>        <\/div>                        <\/a>              <\/div>            <div class=\"bwg-item\">        <a class=\"bwg-a  bwg_lightbox\"  data-image-id=\"1226\" href=\"https:\/\/mallorca-fotos.info\/wp-content\/uploads\/photo-gallery\/IMG_6573.jpg\" data-elementor-open-lightbox=\"no\">                <div class=\"bwg-item0 \">          <div class=\"bwg-item1 \">            <div class=\"bwg-item2\">              <img class=\"skip-lazy bwg_standart_thumb_img_0 \"                   data-id=\"1226\"                   data-width=\"\"                   data-height=\"\"                   data-src=\"https:\/\/mallorca-fotos.info\/wp-content\/uploads\/photo-gallery\/thumb\/IMG_6573.jpg\"                   src=\"https:\/\/mallorca-fotos.info\/wp-content\/uploads\/photo-gallery\/thumb\/IMG_6573.jpg\"                   alt=\"IMG_6573\"                   title=\"IMG_6573\" \/>            <\/div>            <div class=\"\">                                                      <\/div>          <\/div>        <\/div>                        <\/a>              <\/div>            <div class=\"bwg-item\">        <a class=\"bwg-a  bwg_lightbox\"  data-image-id=\"1223\" href=\"https:\/\/mallorca-fotos.info\/wp-content\/uploads\/photo-gallery\/IMG_6570.jpg\" data-elementor-open-lightbox=\"no\">                <div class=\"bwg-item0 \">          <div class=\"bwg-item1 \">            <div class=\"bwg-item2\">              <img class=\"skip-lazy bwg_standart_thumb_img_0 \"                   data-id=\"1223\"                   data-width=\"\"                   data-height=\"\"                   data-src=\"https:\/\/mallorca-fotos.info\/wp-content\/uploads\/photo-gallery\/thumb\/IMG_6570.jpg\"                   src=\"https:\/\/mallorca-fotos.info\/wp-content\/uploads\/photo-gallery\/thumb\/IMG_6570.jpg\"                   alt=\"IMG_6570\"                   title=\"IMG_6570\" \/>            <\/div>            <div class=\"\">                                                      <\/div>          <\/div>        <\/div>                        <\/a>              <\/div>            <div class=\"bwg-item\">        <a class=\"bwg-a  bwg_lightbox\"  data-image-id=\"1222\" href=\"https:\/\/mallorca-fotos.info\/wp-content\/uploads\/photo-gallery\/IMG_6568.jpg\" data-elementor-open-lightbox=\"no\">                <div class=\"bwg-item0 \">          <div class=\"bwg-item1 \">            <div class=\"bwg-item2\">              <img class=\"skip-lazy bwg_standart_thumb_img_0 \"                   data-id=\"1222\"                   data-width=\"\"                   data-height=\"\"                   data-src=\"https:\/\/mallorca-fotos.info\/wp-content\/uploads\/photo-gallery\/thumb\/IMG_6568.jpg\"                   src=\"https:\/\/mallorca-fotos.info\/wp-content\/uploads\/photo-gallery\/thumb\/IMG_6568.jpg\"                   alt=\"IMG_6568\"                   title=\"IMG_6568\" \/>            <\/div>            <div class=\"\">                                                      <\/div>          <\/div>        <\/div>                        <\/a>              <\/div>            <div class=\"bwg-item\">        <a class=\"bwg-a  bwg_lightbox\"  data-image-id=\"1221\" href=\"https:\/\/mallorca-fotos.info\/wp-content\/uploads\/photo-gallery\/IMG_6565.jpg\" data-elementor-open-lightbox=\"no\">                <div class=\"bwg-item0 \">          <div class=\"bwg-item1 \">            <div class=\"bwg-item2\">              <img class=\"skip-lazy bwg_standart_thumb_img_0 \"                   data-id=\"1221\"                   data-width=\"\"                   data-height=\"\"                   data-src=\"https:\/\/mallorca-fotos.info\/wp-content\/uploads\/photo-gallery\/thumb\/IMG_6565.jpg\"                   src=\"https:\/\/mallorca-fotos.info\/wp-content\/uploads\/photo-gallery\/thumb\/IMG_6565.jpg\"                   alt=\"IMG_6565\"                   title=\"IMG_6565\" \/>            <\/div>            <div class=\"\">                                                      <\/div>          <\/div>        <\/div>                        <\/a>              <\/div>            <div class=\"bwg-item\">        <a class=\"bwg-a  bwg_lightbox\"  data-image-id=\"1220\" href=\"https:\/\/mallorca-fotos.info\/wp-content\/uploads\/photo-gallery\/IMG_6564.jpg\" data-elementor-open-lightbox=\"no\">                <div class=\"bwg-item0 \">          <div class=\"bwg-item1 \">            <div class=\"bwg-item2\">              <img class=\"skip-lazy bwg_standart_thumb_img_0 \"                   data-id=\"1220\"                   data-width=\"\"                   data-height=\"\"                   data-src=\"https:\/\/mallorca-fotos.info\/wp-content\/uploads\/photo-gallery\/thumb\/IMG_6564.jpg\"                   src=\"https:\/\/mallorca-fotos.info\/wp-content\/uploads\/photo-gallery\/thumb\/IMG_6564.jpg\"                   alt=\"IMG_6564\"                   title=\"IMG_6564\" \/>            <\/div>            <div class=\"\">                                                      <\/div>          <\/div>        <\/div>                        <\/a>              <\/div>            <div class=\"bwg-item\">        <a class=\"bwg-a  bwg_lightbox\"  data-image-id=\"1219\" href=\"https:\/\/mallorca-fotos.info\/wp-content\/uploads\/photo-gallery\/IMG_6560.jpg\" data-elementor-open-lightbox=\"no\">                <div class=\"bwg-item0 \">          <div class=\"bwg-item1 \">            <div class=\"bwg-item2\">              <img class=\"skip-lazy bwg_standart_thumb_img_0 \"                   data-id=\"1219\"                   data-width=\"\"                   data-height=\"\"                   data-src=\"https:\/\/mallorca-fotos.info\/wp-content\/uploads\/photo-gallery\/thumb\/IMG_6560.jpg\"                   src=\"https:\/\/mallorca-fotos.info\/wp-content\/uploads\/photo-gallery\/thumb\/IMG_6560.jpg\"                   alt=\"IMG_6560\"                   title=\"IMG_6560\" \/>            <\/div>            <div class=\"\">                                                      <\/div>          <\/div>        <\/div>                        <\/a>              <\/div>            <div class=\"bwg-item\">        <a class=\"bwg-a  bwg_lightbox\"  data-image-id=\"1218\" href=\"https:\/\/mallorca-fotos.info\/wp-content\/uploads\/photo-gallery\/IMG_6558.jpg\" data-elementor-open-lightbox=\"no\">                <div class=\"bwg-item0 \">          <div class=\"bwg-item1 \">            <div class=\"bwg-item2\">              <img class=\"skip-lazy bwg_standart_thumb_img_0 \"                   data-id=\"1218\"                   data-width=\"\"                   data-height=\"\"                   data-src=\"https:\/\/mallorca-fotos.info\/wp-content\/uploads\/photo-gallery\/thumb\/IMG_6558.jpg\"                   src=\"https:\/\/mallorca-fotos.info\/wp-content\/uploads\/photo-gallery\/thumb\/IMG_6558.jpg\"                   alt=\"IMG_6558\"                   title=\"IMG_6558\" \/>            <\/div>            <div class=\"\">                                                      <\/div>          <\/div>        <\/div>                        <\/a>              <\/div>            <div class=\"bwg-item\">        <a class=\"bwg-a  bwg_lightbox\"  data-image-id=\"1217\" href=\"https:\/\/mallorca-fotos.info\/wp-content\/uploads\/photo-gallery\/IMG_6556.jpg\" data-elementor-open-lightbox=\"no\">                <div class=\"bwg-item0 \">          <div class=\"bwg-item1 \">            <div class=\"bwg-item2\">              <img class=\"skip-lazy bwg_standart_thumb_img_0 \"                   data-id=\"1217\"                   data-width=\"\"                   data-height=\"\"                   data-src=\"https:\/\/mallorca-fotos.info\/wp-content\/uploads\/photo-gallery\/thumb\/IMG_6556.jpg\"                   src=\"https:\/\/mallorca-fotos.info\/wp-content\/uploads\/photo-gallery\/thumb\/IMG_6556.jpg\"                   alt=\"IMG_6556\"                   title=\"IMG_6556\" \/>            <\/div>            <div class=\"\">                                                      <\/div>          <\/div>        <\/div>                        <\/a>              <\/div>          <\/div>    <style>      \/*pagination styles*\/      #bwg_container1_0 #bwg_container2_0 .tablenav-pages_0 {\t\t\t\ttext-align: center;\t\t\t\tfont-size: 12px;\t\t\t\tfont-family: segoe ui;\t\t\t\tfont-weight: bold;\t\t\t\tcolor: #666666;\t\t\t\tmargin: 6px 0 4px;\t\t\t\tdisplay: block;      }      @media only screen and (max-width : 320px) {      #bwg_container1_0 #bwg_container2_0 .displaying-num_0 {     \t display: none;      }      }      #bwg_container1_0 #bwg_container2_0 .displaying-num_0 {\t\t\t\tfont-size: 12px;\t\t\t\tfont-family: segoe ui;\t\t\t\tfont-weight: bold;\t\t\t\tcolor: #666666;\t\t\t\tmargin-right: 10px;\t\t\t\tvertical-align: middle;      }      #bwg_container1_0 #bwg_container2_0 .paging-input_0 {\t\t\t\tfont-size: 12px;\t\t\t\tfont-family: segoe ui;\t\t\t\tfont-weight: bold;\t\t\t\tcolor: #666666;\t\t\t\tvertical-align: middle;      }      #bwg_container1_0 #bwg_container2_0 .tablenav-pages_0 a.disabled,      #bwg_container1_0 #bwg_container2_0 .tablenav-pages_0 a.disabled:hover,      #bwg_container1_0 #bwg_container2_0 .tablenav-pages_0 a.disabled:focus,\t\t\t#bwg_container1_0 #bwg_container2_0 .tablenav-pages_0 input.bwg_current_page {\t\t\t\tcursor: default;\t\t\t\tcolor: rgba(102, 102, 102, 0.5);      }      #bwg_container1_0 #bwg_container2_0 .tablenav-pages_0 a,      #bwg_container1_0 #bwg_container2_0 .tablenav-pages_0 input.bwg_current_page {\t\t\t\tcursor: pointer;\t\t\t\ttext-align: center;\t\t\t\tfont-size: 12px;\t\t\t\tfont-family: segoe ui;\t\t\t\tfont-weight: bold;\t\t\t\tcolor: #666666;\t\t\t\ttext-decoration: none;\t\t\t\tpadding: 3px 6px;\t\t\t\tmargin: 0;\t\t\t\tborder-radius: 0;\t\t\t\tborder-style: solid;\t\t\t\tborder-width: 1px;\t\t\t\tborder-color: #E3E3E3;\t\t\t\t\t\t\t\tbackground-color: rgba(255, 255, 255, 1.00);\t\t\t\tbox-shadow: 0;\t\t\t\ttransition: all 0.3s ease 0s;-webkit-transition: all 0.3s ease 0s;      }      <\/style>      <span class=\"bwg_nav_cont_0\">              <div class=\"tablenav-pages_0\">                  <\/div>                <input type=\"hidden\" id=\"page_number_0\" name=\"page_number_0\" value=\"1\" \/>      <script type=\"text\/javascript\">        if( jQuery('.bwg_nav_cont_0').length > 1 ) {          jQuery('.bwg_nav_cont_0').first().remove()        }        function spider_page_0(cur, x, y, load_more) {          if (typeof load_more == \"undefined\") {            var load_more = false;          }          if (jQuery(cur).hasClass('disabled')) {            return false;          }          var items_county_0 = 1;          switch (y) {            case 1:              if (x >= items_county_0) {                document.getElementById('page_number_0').value = items_county_0;              }              else {                document.getElementById('page_number_0').value = x + 1;              }              break;            case 2:              document.getElementById('page_number_0').value = items_county_0;              break;            case -1:              if (x == 1) {                document.getElementById('page_number_0').value = 1;              }              else {                document.getElementById('page_number_0').value = x - 1;              }              break;            case -2:              document.getElementById('page_number_0').value = 1;              break;\t\t\t\t\t\tcase 0:              document.getElementById('page_number_0').value = x;              break;            default:              document.getElementById('page_number_0').value = 1;          }          bwg_ajax('gal_front_form_0', '0', 'bwg_thumbnails_0', '0', '', 'gallery', 0, '', '', load_more, '', 1);        }                    jQuery('.first-page-0').on('click', function () {              spider_page_0(this, 1, -2, 'numeric');              return false;            });            jQuery('.prev-page-0').on('click', function () {              spider_page_0(this, 1, -1, 'numeric');              return false;            });            jQuery('.next-page-0').on('click', function () {              spider_page_0(this, 1, 1, 'numeric');              return false;            });            jQuery('.last-page-0').on('click', function () {              spider_page_0(this, 1, 2, 'numeric');              return false;            });        \t\t\t\t\/* Change page on input enter. *\/        function bwg_change_page_0( e, that ) {          if (  e.key == 'Enter' ) {            var to_page = parseInt(jQuery(that).val());            var pages_count = jQuery(that).parents(\".pagination-links\").data(\"pages-count\");            var current_url_param = jQuery(that).attr('data-url-info');            if (to_page > pages_count) {              to_page = 1;            }\t \t\t\t\t\t\t\t\t\t\t\t\tspider_page_0(this, to_page, 0, 'numeric');\t\t\t\t\t\t\treturn false;\t\t\t\t\t\t          }          return true;        }        jQuery('.bwg_load_btn_0').on('click', function () {            spider_page_0(this, 1, 1, true);            return false;        });      <\/script>      <\/span>                <\/div>        <\/form>        <style>          #bwg_container1_0 #bwg_container2_0 #spider_popup_overlay_0 {          background-color: #000000;          opacity: 0.70;          }          <\/style>        <div id=\"bwg_spider_popup_loading_0\" class=\"bwg_spider_popup_loading\"><\/div>        <div id=\"spider_popup_overlay_0\" class=\"spider_popup_overlay\" onclick=\"spider_destroypopup(1000)\"><\/div>        <input type=\"hidden\" id=\"bwg_random_seed_0\" value=\"898724837\">                <\/div>    <\/div>    <script>      if (document.readyState === 'complete') {        if( typeof bwg_main_ready == 'function' ) {          if ( jQuery(\"#bwg_container1_0\").height() ) {            bwg_main_ready(jQuery(\"#bwg_container1_0\"));          }        }      } else {        document.addEventListener('DOMContentLoaded', function() {          if( typeof bwg_main_ready == 'function' ) {            if ( jQuery(\"#bwg_container1_0\").height() ) {             bwg_main_ready(jQuery(\"#bwg_container1_0\"));            }          }        });      }    <\/script>    \n","protected":false},"excerpt":{"rendered":"<p>Palma, Santa Catalina Hoch oben auf einer Klippe \u00fcber dem Meer pfl\u00fcgten die m\u00e4chtigen R\u00e4der der Windm\u00fchlen durch die frische Brise von See um Getreide zu mahlen, das \u00fcbers Meer und aus dem mallorquinischen Hinterland kam. Hinter der Anh\u00f6he lagen die Wohnungen und H\u00e4user der Fischer, nicht h\u00f6her als ein, zwei Stockwerke, meist von kleinem [&hellip;]<\/p>\n","protected":false},"author":1,"featured_media":0,"comment_status":"closed","ping_status":"closed","sticky":false,"template":"","format":"standard","meta":{"footnotes":""},"categories":[1,9,3],"tags":[],"jetpack_featured_media_url":"","_links":{"self":[{"href":"https:\/\/mallorca-fotos.info\/index.php?rest_route=\/wp\/v2\/posts\/881"}],"collection":[{"href":"https:\/\/mallorca-fotos.info\/index.php?rest_route=\/wp\/v2\/posts"}],"about":[{"href":"https:\/\/mallorca-fotos.info\/index.php?rest_route=\/wp\/v2\/types\/post"}],"author":[{"embeddable":true,"href":"https:\/\/mallorca-fotos.info\/index.php?rest_route=\/wp\/v2\/users\/1"}],"replies":[{"embeddable":true,"href":"https:\/\/mallorca-fotos.info\/index.php?rest_route=%2Fwp%2Fv2%2Fcomments&post=881"}],"version-history":[{"count":7,"href":"https:\/\/mallorca-fotos.info\/index.php?rest_route=\/wp\/v2\/posts\/881\/revisions"}],"predecessor-version":[{"id":958,"href":"https:\/\/mallorca-fotos.info\/index.php?rest_route=\/wp\/v2\/posts\/881\/revisions\/958"}],"wp:attachment":[{"href":"https:\/\/mallorca-fotos.info\/index.php?rest_route=%2Fwp%2Fv2%2Fmedia&parent=881"}],"wp:term":[{"taxonomy":"category","embeddable":true,"href":"https:\/\/mallorca-fotos.info\/index.php?rest_route=%2Fwp%2Fv2%2Fcategories&post=881"},{"taxonomy":"post_tag","embeddable":true,"href":"https:\/\/mallorca-fotos.info\/index.php?rest_route=%2Fwp%2Fv2%2Ftags&post=881"}],"curies":[{"name":"wp","href":"https:\/\/api.w.org\/{rel}","templated":true}]}}