{"id":877,"date":"2015-01-19T13:32:24","date_gmt":"2015-01-19T11:32:24","guid":{"rendered":"http:\/\/mallorca-fotos.info\/?p=877"},"modified":"2019-01-08T16:45:54","modified_gmt":"2019-01-08T14:45:54","slug":"mallorca-cala-figuera","status":"publish","type":"post","link":"https:\/\/mallorca-fotos.info\/?p=877","title":{"rendered":"Mallorca &#8211; Cala Figuera"},"content":{"rendered":"<h3><a href=\"http:\/\/mallorca-fotos.info\/wp-content\/uploads\/2014\/11\/IMG_6080-400.jpg\"><img decoding=\"async\" loading=\"lazy\" class=\"alignleft size-full wp-image-862\" src=\"http:\/\/mallorca-fotos.info\/wp-content\/uploads\/2014\/11\/IMG_6080-400.jpg\" alt=\"IMG_6080 400\" width=\"400\" height=\"400\" srcset=\"https:\/\/mallorca-fotos.info\/wp-content\/uploads\/2014\/11\/IMG_6080-400.jpg 400w, https:\/\/mallorca-fotos.info\/wp-content\/uploads\/2014\/11\/IMG_6080-400-150x150.jpg 150w, https:\/\/mallorca-fotos.info\/wp-content\/uploads\/2014\/11\/IMG_6080-400-300x300.jpg 300w\" sizes=\"(max-width: 400px) 100vw, 400px\" \/><\/a>Cala Figuera<\/h3>\n<p>In den 1970er Jahren hat der Fischerort im Osten von Santany\u00ed schon einmal seinen pers\u00f6nlichen, kleinen Tourismusboom erlebt. Um ein echter Tourismusort werden zu k\u00f6nnen, fehlt es Cala Figuera aber einfach an Strand. Gottlob, denn deshalb ist die Bucht der Feigenb\u00e4ume auch heute noch so ansehnlich wie damals. Von Exzessen blieb der malerische Naturhafen weitgehend verschont. Doch was macht Cala Figuera eigentlich zu etwas Besonderem? Da ist zum Einen der Hafen selbst, nicht mehr als ein schmaler Riss im mallorquinischen K\u00fcstenfels, der sich landeinw\u00e4rts hin zu einem etwas breiteren Hafenbecken und zwei Fingern auff\u00e4chert. Ein schmaler Steg, der teilweise nur wenige Zentimeter \u00fcber dem Meeresspiegel \u00fcber dicke Holzbohlen verl\u00e4uft, zeichnet die Silhouette der beiden Finger auf beinahe ihrer gesamten L\u00e4nge nach. Auf der Landseite schiebt sich der nackte Fels in die H\u00f6he oder verwinkelte kleine Fischerh\u00e4user kuscheln sich an den Hang. Seew\u00e4rts d\u00fcmpeln friedlich die mallorquinischen Fischerboote \u201eLla\u00fcts\u201c im meist glasklaren Wasser. Das ist zum Anderen aber auch die unzug\u00e4ngliche Lage: weite Teile des unteren Hafens sind verkehrsberuhigt. Die Kellner schlendern deshalb gemessenen Schrittes \u00fcber die kleine Plazetta hinterm Durchfahrt-Verboten-Schild und zwischen den zum Trocknen ausgelegten Netzen im Fischerhafen sieht man die Seeleute ihr Fangger\u00e4t flicken. Am s\u00fcdlichen Ortsrand finden nicht nur Harley-Biker im Lokal &#8222;Pura Vida&#8220; einen stimmungsvollen Roadstop mit leckeren Gerichten und guten Weinen &#8211; keine zehn Meter \u00fcber dem Meeresspiegel.<\/p>\n\n","protected":false},"excerpt":{"rendered":"<p>Cala Figuera In den 1970er Jahren hat der Fischerort im Osten von Santany\u00ed schon einmal seinen pers\u00f6nlichen, kleinen Tourismusboom erlebt. Um ein echter Tourismusort werden zu k\u00f6nnen, fehlt es Cala Figuera aber einfach an Strand. Gottlob, denn deshalb ist die Bucht der Feigenb\u00e4ume auch heute noch so ansehnlich wie damals. Von Exzessen blieb der malerische [&hellip;]<\/p>\n","protected":false},"author":1,"featured_media":0,"comment_status":"closed","ping_status":"closed","sticky":false,"template":"","format":"standard","meta":{"footnotes":""},"categories":[1,6,13],"tags":[],"jetpack_featured_media_url":"","_links":{"self":[{"href":"https:\/\/mallorca-fotos.info\/index.php?rest_route=\/wp\/v2\/posts\/877"}],"collection":[{"href":"https:\/\/mallorca-fotos.info\/index.php?rest_route=\/wp\/v2\/posts"}],"about":[{"href":"https:\/\/mallorca-fotos.info\/index.php?rest_route=\/wp\/v2\/types\/post"}],"author":[{"embeddable":true,"href":"https:\/\/mallorca-fotos.info\/index.php?rest_route=\/wp\/v2\/users\/1"}],"replies":[{"embeddable":true,"href":"https:\/\/mallorca-fotos.info\/index.php?rest_route=%2Fwp%2Fv2%2Fcomments&post=877"}],"version-history":[{"count":6,"href":"https:\/\/mallorca-fotos.info\/index.php?rest_route=\/wp\/v2\/posts\/877\/revisions"}],"predecessor-version":[{"id":979,"href":"https:\/\/mallorca-fotos.info\/index.php?rest_route=\/wp\/v2\/posts\/877\/revisions\/979"}],"wp:attachment":[{"href":"https:\/\/mallorca-fotos.info\/index.php?rest_route=%2Fwp%2Fv2%2Fmedia&parent=877"}],"wp:term":[{"taxonomy":"category","embeddable":true,"href":"https:\/\/mallorca-fotos.info\/index.php?rest_route=%2Fwp%2Fv2%2Fcategories&post=877"},{"taxonomy":"post_tag","embeddable":true,"href":"https:\/\/mallorca-fotos.info\/index.php?rest_route=%2Fwp%2Fv2%2Ftags&post=877"}],"curies":[{"name":"wp","href":"https:\/\/api.w.org\/{rel}","templated":true}]}}