{"id":847,"date":"2014-10-15T14:23:57","date_gmt":"2014-10-15T12:23:57","guid":{"rendered":"http:\/\/mallorca-fotos.info\/?p=847"},"modified":"2019-01-08T16:46:21","modified_gmt":"2019-01-08T14:46:21","slug":"mallorca-castell-de-santueri-del-rei","status":"publish","type":"post","link":"https:\/\/mallorca-fotos.info\/?p=847","title":{"rendered":"Mallorca &#8211; Castell de Santueri (del Rei)"},"content":{"rendered":"<h3><a href=\"http:\/\/mallorca-fotos.info\/wp-content\/uploads\/2014\/10\/IMG_5066-400.jpg\"><img decoding=\"async\" loading=\"lazy\" class=\"alignleft size-full wp-image-849\" src=\"http:\/\/mallorca-fotos.info\/wp-content\/uploads\/2014\/10\/IMG_5066-400.jpg\" alt=\"IMG_5066 400\" width=\"400\" height=\"397\" srcset=\"https:\/\/mallorca-fotos.info\/wp-content\/uploads\/2014\/10\/IMG_5066-400.jpg 400w, https:\/\/mallorca-fotos.info\/wp-content\/uploads\/2014\/10\/IMG_5066-400-150x150.jpg 150w, https:\/\/mallorca-fotos.info\/wp-content\/uploads\/2014\/10\/IMG_5066-400-300x297.jpg 300w\" sizes=\"(max-width: 400px) 100vw, 400px\" \/><\/a>Castell de Santueri (del Rei)<\/h3>\n<p>Das Hochplateau an der S\u00fcdostk\u00fcste Mallorcas dient schon seit mindestens zwei Jahrtausenden als Feste zur Sicherung des Insels\u00fcdens. Die r\u00f6mischen Besatzungsm\u00e4chte sollen hier einen Wachturm unterhalten haben. Nach der Eroberung Mallorcas durch das Emirat von C\u00f3rdoba wurde der Berggipfel zu einer Festung ausgebaut, der bei der Reconquista, der R\u00fcckeroberung durch den aragonesischen K\u00f6nig Jaume I. \u00fcber ein Jahr lang der Belagerung standhielt. Der erste Mallorca K\u00f6nig lie\u00df die maurische Festung schleifen. Erst gut einhundert Jahre sp\u00e4ter baute man auf den ehemaligen Grundmauern eine neue Burgfeste auf, die Zuflucht bei den zunehmenden Piraten\u00fcberf\u00e4llen bot, die die K\u00fcsten der Insel bedrohten. In den darauf folgenden Jahrhunderten verlor der Standort allerdings immer mehr an strategischem Wert und verfiel schlie\u00dflich. Heute stehen lediglich die Au\u00dfenmauern der seew\u00e4rts gerichteten Fassade und einige Aussichtst\u00fcrme. Die Anlage ist seit dem Fr\u00fchjahr 2014 begehbar.<\/p>\n\n","protected":false},"excerpt":{"rendered":"<p>Castell de Santueri (del Rei) Das Hochplateau an der S\u00fcdostk\u00fcste Mallorcas dient schon seit mindestens zwei Jahrtausenden als Feste zur Sicherung des Insels\u00fcdens. Die r\u00f6mischen Besatzungsm\u00e4chte sollen hier einen Wachturm unterhalten haben. Nach der Eroberung Mallorcas durch das Emirat von C\u00f3rdoba wurde der Berggipfel zu einer Festung ausgebaut, der bei der Reconquista, der R\u00fcckeroberung durch [&hellip;]<\/p>\n","protected":false},"author":1,"featured_media":0,"comment_status":"closed","ping_status":"closed","sticky":false,"template":"","format":"standard","meta":{"footnotes":""},"categories":[12,8],"tags":[],"jetpack_featured_media_url":"","_links":{"self":[{"href":"https:\/\/mallorca-fotos.info\/index.php?rest_route=\/wp\/v2\/posts\/847"}],"collection":[{"href":"https:\/\/mallorca-fotos.info\/index.php?rest_route=\/wp\/v2\/posts"}],"about":[{"href":"https:\/\/mallorca-fotos.info\/index.php?rest_route=\/wp\/v2\/types\/post"}],"author":[{"embeddable":true,"href":"https:\/\/mallorca-fotos.info\/index.php?rest_route=\/wp\/v2\/users\/1"}],"replies":[{"embeddable":true,"href":"https:\/\/mallorca-fotos.info\/index.php?rest_route=%2Fwp%2Fv2%2Fcomments&post=847"}],"version-history":[{"count":2,"href":"https:\/\/mallorca-fotos.info\/index.php?rest_route=\/wp\/v2\/posts\/847\/revisions"}],"predecessor-version":[{"id":852,"href":"https:\/\/mallorca-fotos.info\/index.php?rest_route=\/wp\/v2\/posts\/847\/revisions\/852"}],"wp:attachment":[{"href":"https:\/\/mallorca-fotos.info\/index.php?rest_route=%2Fwp%2Fv2%2Fmedia&parent=847"}],"wp:term":[{"taxonomy":"category","embeddable":true,"href":"https:\/\/mallorca-fotos.info\/index.php?rest_route=%2Fwp%2Fv2%2Fcategories&post=847"},{"taxonomy":"post_tag","embeddable":true,"href":"https:\/\/mallorca-fotos.info\/index.php?rest_route=%2Fwp%2Fv2%2Ftags&post=847"}],"curies":[{"name":"wp","href":"https:\/\/api.w.org\/{rel}","templated":true}]}}