{"id":845,"date":"2014-10-15T11:52:54","date_gmt":"2014-10-15T09:52:54","guid":{"rendered":"http:\/\/mallorca-fotos.info\/?p=845"},"modified":"2019-01-08T16:46:21","modified_gmt":"2019-01-08T14:46:21","slug":"mallorca-cala-mondrago","status":"publish","type":"post","link":"https:\/\/mallorca-fotos.info\/?p=845","title":{"rendered":"Mallorca &#8211; Cala Mondrag\u00f3"},"content":{"rendered":"<h3><a href=\"http:\/\/mallorca-fotos.info\/wp-content\/uploads\/2014\/10\/IMG_5146-400.jpg\"><img decoding=\"async\" loading=\"lazy\" class=\"alignleft size-full wp-image-842\" src=\"http:\/\/mallorca-fotos.info\/wp-content\/uploads\/2014\/10\/IMG_5146-400.jpg\" alt=\"IMG_5146 400\" width=\"400\" height=\"400\" srcset=\"https:\/\/mallorca-fotos.info\/wp-content\/uploads\/2014\/10\/IMG_5146-400.jpg 400w, https:\/\/mallorca-fotos.info\/wp-content\/uploads\/2014\/10\/IMG_5146-400-150x150.jpg 150w, https:\/\/mallorca-fotos.info\/wp-content\/uploads\/2014\/10\/IMG_5146-400-300x300.jpg 300w\" sizes=\"(max-width: 400px) 100vw, 400px\" \/><\/a>Naturpark Mondrag\u00f3<\/h3>\n<p>Urlauber zieht es in den Sommermonaten vornehmlich an die beiden gr\u00f6\u00dften Badebuchten. Die Str\u00e4nde von ses Fonts de n\u2018Alis und s\u2019Amarador verf\u00fcgen \u00fcber feinen, hellen Sand und fallen sanft ins Meer ab &#8211; ideal f\u00fcr einen Badebesuch mit Kindern. Aber auch Naturfreunde kommen auf den knapp 766 Hektar Fl\u00e4che des Naturparks auf ihre Kosten. Neben gr\u00f6\u00dferen Wander- und Radwegen f\u00fchren kleinere Pfade vorbei an Mastix-Str\u00e4uchern und unter Kiefern. Oft kommen dabei auch die K\u00fcstenfelsen und das Meer in Sicht.<br \/>\nDer Parc natural de Mondrag\u00f3 wurde im Dezember des Jahres 1992 auf Grund einer Initiative der Umweltorganisation GOB (Grup d\u2019Ornitologia Balear) durch ein Dekret der Regierung der Balearen (Govern de les Illes Balears) unter Schutz gestellt. Er gilt als Naturgebiet von besonderem Interesse (\u00c0rea natural d\u2019especial inter\u00e8s\u2009\/\u2009ANEI). 1995 wurde das Gebiet au\u00dferdem als besondere Vogelschutzzone ausgewiesen. Zu finden ist der Naturpark von Mondrag\u00f3 an der Ostk\u00fcste Mallorcas zwischen den K\u00fcstenorten Portopetro im Nordosten und Cala Figuera im S\u00fcden. Die Kleinstadt Santany\u00ed, zu deren Gemeindegebiet der Naturpark geh\u00f6rt, liegt etwa zweieinhalb Kilometer entfernt.<\/p>\n\n","protected":false},"excerpt":{"rendered":"<p>Naturpark Mondrag\u00f3 Urlauber zieht es in den Sommermonaten vornehmlich an die beiden gr\u00f6\u00dften Badebuchten. Die Str\u00e4nde von ses Fonts de n\u2018Alis und s\u2019Amarador verf\u00fcgen \u00fcber feinen, hellen Sand und fallen sanft ins Meer ab &#8211; ideal f\u00fcr einen Badebesuch mit Kindern. Aber auch Naturfreunde kommen auf den knapp 766 Hektar Fl\u00e4che des Naturparks auf ihre [&hellip;]<\/p>\n","protected":false},"author":1,"featured_media":0,"comment_status":"closed","ping_status":"closed","sticky":false,"template":"","format":"standard","meta":{"footnotes":""},"categories":[6,12],"tags":[],"jetpack_featured_media_url":"","_links":{"self":[{"href":"https:\/\/mallorca-fotos.info\/index.php?rest_route=\/wp\/v2\/posts\/845"}],"collection":[{"href":"https:\/\/mallorca-fotos.info\/index.php?rest_route=\/wp\/v2\/posts"}],"about":[{"href":"https:\/\/mallorca-fotos.info\/index.php?rest_route=\/wp\/v2\/types\/post"}],"author":[{"embeddable":true,"href":"https:\/\/mallorca-fotos.info\/index.php?rest_route=\/wp\/v2\/users\/1"}],"replies":[{"embeddable":true,"href":"https:\/\/mallorca-fotos.info\/index.php?rest_route=%2Fwp%2Fv2%2Fcomments&post=845"}],"version-history":[{"count":2,"href":"https:\/\/mallorca-fotos.info\/index.php?rest_route=\/wp\/v2\/posts\/845\/revisions"}],"predecessor-version":[{"id":851,"href":"https:\/\/mallorca-fotos.info\/index.php?rest_route=\/wp\/v2\/posts\/845\/revisions\/851"}],"wp:attachment":[{"href":"https:\/\/mallorca-fotos.info\/index.php?rest_route=%2Fwp%2Fv2%2Fmedia&parent=845"}],"wp:term":[{"taxonomy":"category","embeddable":true,"href":"https:\/\/mallorca-fotos.info\/index.php?rest_route=%2Fwp%2Fv2%2Fcategories&post=845"},{"taxonomy":"post_tag","embeddable":true,"href":"https:\/\/mallorca-fotos.info\/index.php?rest_route=%2Fwp%2Fv2%2Ftags&post=845"}],"curies":[{"name":"wp","href":"https:\/\/api.w.org\/{rel}","templated":true}]}}