{"id":843,"date":"2014-10-15T14:25:59","date_gmt":"2014-10-15T12:25:59","guid":{"rendered":"http:\/\/mallorca-fotos.info\/?p=843"},"modified":"2019-01-08T16:46:21","modified_gmt":"2019-01-08T14:46:21","slug":"mallorca-castell-bellver","status":"publish","type":"post","link":"https:\/\/mallorca-fotos.info\/?p=843","title":{"rendered":"Mallorca &#8211; Castell Bellver"},"content":{"rendered":"<h3><a href=\"http:\/\/mallorca-fotos.info\/wp-content\/uploads\/2014\/10\/IMG_4921-400.jpg\"><img decoding=\"async\" loading=\"lazy\" class=\"alignleft size-full wp-image-841\" src=\"http:\/\/mallorca-fotos.info\/wp-content\/uploads\/2014\/10\/IMG_4921-400.jpg\" alt=\"IMG_4921 400\" width=\"400\" height=\"400\" srcset=\"https:\/\/mallorca-fotos.info\/wp-content\/uploads\/2014\/10\/IMG_4921-400.jpg 400w, https:\/\/mallorca-fotos.info\/wp-content\/uploads\/2014\/10\/IMG_4921-400-150x150.jpg 150w, https:\/\/mallorca-fotos.info\/wp-content\/uploads\/2014\/10\/IMG_4921-400-300x300.jpg 300w\" sizes=\"(max-width: 400px) 100vw, 400px\" \/><\/a>Castell de Bellver \u2013 Die Burg zur sch\u00f6nen Aussicht<\/h3>\n<p>Ziemlich einmalig nicht nur in Spanien, sondern in ganz Europa ist die kreisf\u00f6rmige Anlage der besterhaltensten Festung der Insel. Das Schloss von Bellver kann heute auf \u00fcber 700 Jahre \u00e4u\u00dferst wechselhafter Geschichte zur\u00fcckblicken. Die begann kurz nach der R\u00fcckeroberung Mallorcas nach Jahrhunderten der maurischen Besatzung durch den aragonesischen K\u00f6nig und Grafen von Barcelona, Jaume I. Als Dank f\u00fcr seinen Sieg \u00fcber das Kalifat lie\u00df der Monarch die Kathedrale von Palma und in Blickweite auf einer Anh\u00f6he westlich vor den Toren der Stadt sein Domizil errichten. Fertiggestellt wurde das Rundschloss allerdings erst 1311 unter der \u00c4gide seines Sohnes, Jaume II. Im Fluss der Jahrhunderte diente die Anlage als Sitz der Herrscherfamilie, im 16. Jh. suchten Adlige und H\u00e4ndler der Stadt w\u00e4hrend eines Bauern-Aufstandes in ihren Mauern Schutz. Damals erhielt das Castell de Bellver auch sein heutiges Aussehen, nachdem die Zinnen entfernt, der S\u00fcdturm renoviert und ein vier Meter breiter Burggraben angelegt wurde. Im Spanischen Erbfolgekrieg zwischen 1701 und 1714 diente die Burg als Gef\u00e4ngnis f\u00fcr politische Gefangene. Im Jahre 1717 machte man es zum Milit\u00e4rgef\u00e4ngnis und schlie\u00dflich im 19. Jahrhundert wurden das Castell Bellver zur M\u00fcnzpr\u00e4ge-Werkstatt. Erst 1931 ging die Burg in den Besitz der Stadt Palma \u00fcber und wurde in der Folge zum \u00f6ffentlichen Besuch freigegeben. Heute beherbergt das Schloss ein Stadt-Museum und Skulpturen, die bis in die Zeit der r\u00f6mischen Besatzung zur\u00fcckreichen. Im Sommer wird es zum Schauplatz eines j\u00e4hrlich stattfindenden Festivals der klassischen Musik.<\/p>\n\n<p>&nbsp;<\/p>\n","protected":false},"excerpt":{"rendered":"<p>Castell de Bellver \u2013 Die Burg zur sch\u00f6nen Aussicht Ziemlich einmalig nicht nur in Spanien, sondern in ganz Europa ist die kreisf\u00f6rmige Anlage der besterhaltensten Festung der Insel. Das Schloss von Bellver kann heute auf \u00fcber 700 Jahre \u00e4u\u00dferst wechselhafter Geschichte zur\u00fcckblicken. Die begann kurz nach der R\u00fcckeroberung Mallorcas nach Jahrhunderten der maurischen Besatzung durch [&hellip;]<\/p>\n","protected":false},"author":1,"featured_media":0,"comment_status":"closed","ping_status":"closed","sticky":false,"template":"","format":"standard","meta":{"footnotes":""},"categories":[8],"tags":[],"jetpack_featured_media_url":"","_links":{"self":[{"href":"https:\/\/mallorca-fotos.info\/index.php?rest_route=\/wp\/v2\/posts\/843"}],"collection":[{"href":"https:\/\/mallorca-fotos.info\/index.php?rest_route=\/wp\/v2\/posts"}],"about":[{"href":"https:\/\/mallorca-fotos.info\/index.php?rest_route=\/wp\/v2\/types\/post"}],"author":[{"embeddable":true,"href":"https:\/\/mallorca-fotos.info\/index.php?rest_route=\/wp\/v2\/users\/1"}],"replies":[{"embeddable":true,"href":"https:\/\/mallorca-fotos.info\/index.php?rest_route=%2Fwp%2Fv2%2Fcomments&post=843"}],"version-history":[{"count":4,"href":"https:\/\/mallorca-fotos.info\/index.php?rest_route=\/wp\/v2\/posts\/843\/revisions"}],"predecessor-version":[{"id":1006,"href":"https:\/\/mallorca-fotos.info\/index.php?rest_route=\/wp\/v2\/posts\/843\/revisions\/1006"}],"wp:attachment":[{"href":"https:\/\/mallorca-fotos.info\/index.php?rest_route=%2Fwp%2Fv2%2Fmedia&parent=843"}],"wp:term":[{"taxonomy":"category","embeddable":true,"href":"https:\/\/mallorca-fotos.info\/index.php?rest_route=%2Fwp%2Fv2%2Fcategories&post=843"},{"taxonomy":"post_tag","embeddable":true,"href":"https:\/\/mallorca-fotos.info\/index.php?rest_route=%2Fwp%2Fv2%2Ftags&post=843"}],"curies":[{"name":"wp","href":"https:\/\/api.w.org\/{rel}","templated":true}]}}