{"id":832,"date":"2014-09-29T13:42:53","date_gmt":"2014-09-29T11:42:53","guid":{"rendered":"http:\/\/mallorca-fotos.info\/?p=832"},"modified":"2019-01-08T16:46:21","modified_gmt":"2019-01-08T14:46:21","slug":"portals-platja-y-port","status":"publish","type":"post","link":"https:\/\/mallorca-fotos.info\/?p=832","title":{"rendered":"Mallorca &#8211; Portals Platja y Port"},"content":{"rendered":"<h3><a href=\"http:\/\/mallorca-fotos.info\/wp-content\/uploads\/2014\/09\/IMG_4823-400.jpg\"><img decoding=\"async\" loading=\"lazy\" class=\"alignleft size-full wp-image-831\" src=\"http:\/\/mallorca-fotos.info\/wp-content\/uploads\/2014\/09\/IMG_4823-400.jpg\" alt=\"IMG_4823 400\" width=\"400\" height=\"400\" srcset=\"https:\/\/mallorca-fotos.info\/wp-content\/uploads\/2014\/09\/IMG_4823-400.jpg 400w, https:\/\/mallorca-fotos.info\/wp-content\/uploads\/2014\/09\/IMG_4823-400-150x150.jpg 150w, https:\/\/mallorca-fotos.info\/wp-content\/uploads\/2014\/09\/IMG_4823-400-300x300.jpg 300w\" sizes=\"(max-width: 400px) 100vw, 400px\" \/><\/a>Portals Platja y Port<\/h3>\n<p>Portals Nous ist eine kleine K\u00fcsten-Extension der Gemeinde Calvi\u00e1 im S\u00fcdwesten von Mallorca. Die Ortschaft selbst liegt auf einer Klippe rund drei\u00dfig Meter \u00fcber dem Meer. Auf Meeresh\u00f6he trifft man auf den bekannten Yachthafen, Puerto Portals und einen Strand, die Platja de l&#8217;Oratori, die ihren Namen der auf dem Scheitelpunkt der Klippe thronenden Kapelle verdankt. Etwa dreihundert Meter meereinw\u00e4rts liegt eine gut 100 Meter lange Insel.<br \/>\nBei Puerto Portals handelt es sich um eine Ortschaft mit knapp 2700 Einwohnern.<\/p>\n<p>&nbsp;<\/p>\n\n","protected":false},"excerpt":{"rendered":"<p>Portals Platja y Port Portals Nous ist eine kleine K\u00fcsten-Extension der Gemeinde Calvi\u00e1 im S\u00fcdwesten von Mallorca. Die Ortschaft selbst liegt auf einer Klippe rund drei\u00dfig Meter \u00fcber dem Meer. Auf Meeresh\u00f6he trifft man auf den bekannten Yachthafen, Puerto Portals und einen Strand, die Platja de l&#8217;Oratori, die ihren Namen der auf dem Scheitelpunkt der [&hellip;]<\/p>\n","protected":false},"author":1,"featured_media":0,"comment_status":"closed","ping_status":"closed","sticky":false,"template":"","format":"standard","meta":{"footnotes":""},"categories":[1,13,7],"tags":[],"jetpack_featured_media_url":"","_links":{"self":[{"href":"https:\/\/mallorca-fotos.info\/index.php?rest_route=\/wp\/v2\/posts\/832"}],"collection":[{"href":"https:\/\/mallorca-fotos.info\/index.php?rest_route=\/wp\/v2\/posts"}],"about":[{"href":"https:\/\/mallorca-fotos.info\/index.php?rest_route=\/wp\/v2\/types\/post"}],"author":[{"embeddable":true,"href":"https:\/\/mallorca-fotos.info\/index.php?rest_route=\/wp\/v2\/users\/1"}],"replies":[{"embeddable":true,"href":"https:\/\/mallorca-fotos.info\/index.php?rest_route=%2Fwp%2Fv2%2Fcomments&post=832"}],"version-history":[{"count":3,"href":"https:\/\/mallorca-fotos.info\/index.php?rest_route=\/wp\/v2\/posts\/832\/revisions"}],"predecessor-version":[{"id":835,"href":"https:\/\/mallorca-fotos.info\/index.php?rest_route=\/wp\/v2\/posts\/832\/revisions\/835"}],"wp:attachment":[{"href":"https:\/\/mallorca-fotos.info\/index.php?rest_route=%2Fwp%2Fv2%2Fmedia&parent=832"}],"wp:term":[{"taxonomy":"category","embeddable":true,"href":"https:\/\/mallorca-fotos.info\/index.php?rest_route=%2Fwp%2Fv2%2Fcategories&post=832"},{"taxonomy":"post_tag","embeddable":true,"href":"https:\/\/mallorca-fotos.info\/index.php?rest_route=%2Fwp%2Fv2%2Ftags&post=832"}],"curies":[{"name":"wp","href":"https:\/\/api.w.org\/{rel}","templated":true}]}}