{"id":799,"date":"2014-09-22T14:59:53","date_gmt":"2014-09-22T12:59:53","guid":{"rendered":"http:\/\/mallorca-fotos.info\/?p=799"},"modified":"2019-01-08T16:46:21","modified_gmt":"2019-01-08T14:46:21","slug":"mallorca-platja-de-sant-elm","status":"publish","type":"post","link":"https:\/\/mallorca-fotos.info\/?p=799","title":{"rendered":"Mallorca  &#8211; Platja de Sant Elm"},"content":{"rendered":"<h3><a href=\"http:\/\/mallorca-fotos.info\/wp-content\/uploads\/2014\/09\/IMG_4542-400.jpg\"><img decoding=\"async\" loading=\"lazy\" class=\"alignleft size-full wp-image-787\" src=\"http:\/\/mallorca-fotos.info\/wp-content\/uploads\/2014\/09\/IMG_4542-400.jpg\" alt=\"IMG_4542 400\" width=\"400\" height=\"407\" srcset=\"https:\/\/mallorca-fotos.info\/wp-content\/uploads\/2014\/09\/IMG_4542-400.jpg 400w, https:\/\/mallorca-fotos.info\/wp-content\/uploads\/2014\/09\/IMG_4542-400-294x300.jpg 294w\" sizes=\"(max-width: 400px) 100vw, 400px\" \/><\/a>Platja de Sant Elm<\/h3>\n<h3>Der Strand von San Telmo<\/h3>\n<p>Der st\u00e4dtische Sandstrand von Sant Elm ist zweigeteilt. Ein gr\u00f6\u00dferer Teil weist feinen, hellgelben Sand auf einer L\u00e4nge von ungef\u00e4hr 130 Meter auf. Am kleineren Strand findet man eine Mischung aus Sand und Kies vor. Beide Strandabschnitte verf\u00fcgen in der Regel \u00fcber klares Wasser und beidseits werden Liegest\u00fchle und Sonnenschirme verliehen. Die Platja de Sant Elm bieten zudem einen sch\u00f6nen Ausblick auf die vorgelagerten Felseninseln, den Naturschutzpark Sa Dragonera. Familien mit Kinder f\u00fchlen sich am Strand wohl, denn es sind in n\u00e4chster N\u00e4he Infrastrukturen wie Eisdielen und Caf\u00e9s zu finden und der Strand f\u00e4llt relativ flach ab, so dass viel Raum f\u00fcr ausgelassene Wasserspiele bleibt. Tretboote k\u00f6nnen ausgeliehen werden. Sehr gute Schwimmer und Schnorchler besuchen die kleine vorgelagerte Insel \u201eEs Pantaleu\u201c. Parken ist direkt hinter dem Strand gegen eine Tages-Geb\u00fchr m\u00f6glich. Ungef\u00e4hr 200 Meter entfernt gibt es aber auch einen geb\u00fchrenfreien Parkplatz.<\/p>\n<p>&nbsp;<\/p>\n\n","protected":false},"excerpt":{"rendered":"<p>Platja de Sant Elm Der Strand von San Telmo Der st\u00e4dtische Sandstrand von Sant Elm ist zweigeteilt. Ein gr\u00f6\u00dferer Teil weist feinen, hellgelben Sand auf einer L\u00e4nge von ungef\u00e4hr 130 Meter auf. Am kleineren Strand findet man eine Mischung aus Sand und Kies vor. Beide Strandabschnitte verf\u00fcgen in der Regel \u00fcber klares Wasser und beidseits [&hellip;]<\/p>\n","protected":false},"author":1,"featured_media":0,"comment_status":"closed","ping_status":"closed","sticky":false,"template":"","format":"standard","meta":{"footnotes":""},"categories":[1,6,7],"tags":[],"jetpack_featured_media_url":"","_links":{"self":[{"href":"https:\/\/mallorca-fotos.info\/index.php?rest_route=\/wp\/v2\/posts\/799"}],"collection":[{"href":"https:\/\/mallorca-fotos.info\/index.php?rest_route=\/wp\/v2\/posts"}],"about":[{"href":"https:\/\/mallorca-fotos.info\/index.php?rest_route=\/wp\/v2\/types\/post"}],"author":[{"embeddable":true,"href":"https:\/\/mallorca-fotos.info\/index.php?rest_route=\/wp\/v2\/users\/1"}],"replies":[{"embeddable":true,"href":"https:\/\/mallorca-fotos.info\/index.php?rest_route=%2Fwp%2Fv2%2Fcomments&post=799"}],"version-history":[{"count":4,"href":"https:\/\/mallorca-fotos.info\/index.php?rest_route=\/wp\/v2\/posts\/799\/revisions"}],"predecessor-version":[{"id":828,"href":"https:\/\/mallorca-fotos.info\/index.php?rest_route=\/wp\/v2\/posts\/799\/revisions\/828"}],"wp:attachment":[{"href":"https:\/\/mallorca-fotos.info\/index.php?rest_route=%2Fwp%2Fv2%2Fmedia&parent=799"}],"wp:term":[{"taxonomy":"category","embeddable":true,"href":"https:\/\/mallorca-fotos.info\/index.php?rest_route=%2Fwp%2Fv2%2Fcategories&post=799"},{"taxonomy":"post_tag","embeddable":true,"href":"https:\/\/mallorca-fotos.info\/index.php?rest_route=%2Fwp%2Fv2%2Ftags&post=799"}],"curies":[{"name":"wp","href":"https:\/\/api.w.org\/{rel}","templated":true}]}}