{"id":797,"date":"2014-09-22T15:00:53","date_gmt":"2014-09-22T13:00:53","guid":{"rendered":"http:\/\/mallorca-fotos.info\/?p=797"},"modified":"2019-01-08T16:46:21","modified_gmt":"2019-01-08T14:46:21","slug":"mallorca-cala-conills","status":"publish","type":"post","link":"https:\/\/mallorca-fotos.info\/?p=797","title":{"rendered":"Mallorca &#8211; Cala Conills"},"content":{"rendered":"<h3><a href=\"http:\/\/mallorca-fotos.info\/wp-content\/uploads\/2014\/09\/IMG_4596-400.jpg\"><img decoding=\"async\" loading=\"lazy\" class=\"alignleft size-full wp-image-788\" src=\"http:\/\/mallorca-fotos.info\/wp-content\/uploads\/2014\/09\/IMG_4596-400.jpg\" alt=\"IMG_4596 400\" width=\"400\" height=\"399\" srcset=\"https:\/\/mallorca-fotos.info\/wp-content\/uploads\/2014\/09\/IMG_4596-400.jpg 400w, https:\/\/mallorca-fotos.info\/wp-content\/uploads\/2014\/09\/IMG_4596-400-150x150.jpg 150w, https:\/\/mallorca-fotos.info\/wp-content\/uploads\/2014\/09\/IMG_4596-400-300x300.jpg 300w\" sizes=\"(max-width: 400px) 100vw, 400px\" \/><\/a>Mallorca &#8211; Cala Conills<\/h3>\n<p>Die kleine Bucht im Osten von Sant Elm ist f\u00fcr Familien mit kleinen Kindern nicht zu empfehlen, denn ihnen st\u00fcnde lediglich ein etwa 20 Meter langer Kiesstrand zur Verf\u00fcgung. Rechts vom Strand, exponiert auf einer Landzunge liegt eines der bekanntesten Fisch-Restaurants des mallorquinischen S\u00fcdwestens, das Restaurante Cala Conills.<\/p>\n<p>&nbsp;<\/p>\n\n","protected":false},"excerpt":{"rendered":"<p>Mallorca &#8211; Cala Conills Die kleine Bucht im Osten von Sant Elm ist f\u00fcr Familien mit kleinen Kindern nicht zu empfehlen, denn ihnen st\u00fcnde lediglich ein etwa 20 Meter langer Kiesstrand zur Verf\u00fcgung. Rechts vom Strand, exponiert auf einer Landzunge liegt eines der bekanntesten Fisch-Restaurants des mallorquinischen S\u00fcdwestens, das Restaurante Cala Conills. &nbsp;<\/p>\n","protected":false},"author":1,"featured_media":0,"comment_status":"closed","ping_status":"closed","sticky":false,"template":"","format":"standard","meta":{"footnotes":""},"categories":[1,6],"tags":[],"jetpack_featured_media_url":"","_links":{"self":[{"href":"https:\/\/mallorca-fotos.info\/index.php?rest_route=\/wp\/v2\/posts\/797"}],"collection":[{"href":"https:\/\/mallorca-fotos.info\/index.php?rest_route=\/wp\/v2\/posts"}],"about":[{"href":"https:\/\/mallorca-fotos.info\/index.php?rest_route=\/wp\/v2\/types\/post"}],"author":[{"embeddable":true,"href":"https:\/\/mallorca-fotos.info\/index.php?rest_route=\/wp\/v2\/users\/1"}],"replies":[{"embeddable":true,"href":"https:\/\/mallorca-fotos.info\/index.php?rest_route=%2Fwp%2Fv2%2Fcomments&post=797"}],"version-history":[{"count":3,"href":"https:\/\/mallorca-fotos.info\/index.php?rest_route=\/wp\/v2\/posts\/797\/revisions"}],"predecessor-version":[{"id":829,"href":"https:\/\/mallorca-fotos.info\/index.php?rest_route=\/wp\/v2\/posts\/797\/revisions\/829"}],"wp:attachment":[{"href":"https:\/\/mallorca-fotos.info\/index.php?rest_route=%2Fwp%2Fv2%2Fmedia&parent=797"}],"wp:term":[{"taxonomy":"category","embeddable":true,"href":"https:\/\/mallorca-fotos.info\/index.php?rest_route=%2Fwp%2Fv2%2Fcategories&post=797"},{"taxonomy":"post_tag","embeddable":true,"href":"https:\/\/mallorca-fotos.info\/index.php?rest_route=%2Fwp%2Fv2%2Ftags&post=797"}],"curies":[{"name":"wp","href":"https:\/\/api.w.org\/{rel}","templated":true}]}}