{"id":795,"date":"2014-09-22T14:21:00","date_gmt":"2014-09-22T12:21:00","guid":{"rendered":"http:\/\/mallorca-fotos.info\/?p=795"},"modified":"2019-01-08T16:46:21","modified_gmt":"2019-01-08T14:46:21","slug":"mallorca-sant-elm-san-telmo","status":"publish","type":"post","link":"https:\/\/mallorca-fotos.info\/?p=795","title":{"rendered":"Mallorca &#8211; Sant Elm \/ San Telmo"},"content":{"rendered":"<h3><a href=\"http:\/\/mallorca-fotos.info\/wp-content\/uploads\/2014\/09\/IMG_4480-400.jpg\"><img decoding=\"async\" loading=\"lazy\" class=\"alignleft size-full wp-image-786\" src=\"http:\/\/mallorca-fotos.info\/wp-content\/uploads\/2014\/09\/IMG_4480-400.jpg\" alt=\"IMG_4480 400\" width=\"400\" height=\"404\" srcset=\"https:\/\/mallorca-fotos.info\/wp-content\/uploads\/2014\/09\/IMG_4480-400.jpg 400w, https:\/\/mallorca-fotos.info\/wp-content\/uploads\/2014\/09\/IMG_4480-400-297x300.jpg 297w\" sizes=\"(max-width: 400px) 100vw, 400px\" \/><\/a>Mallorca &#8211; Sant Elm \/ San Telmo<\/h3>\n<p>Der schlafende Drache ist vom Strand und vom Hafen aus klar zu erkennen. Allerdings wei\u00df man nicht genau, ob die Insel La Dragonera ihren Namen der endemischen Eidechsenart erhielt, die zu Hunderten \u00fcber das Eiland im S\u00fcdwesten von Mallorca kriechen oder ob die Silhouette, die tats\u00e4chlich ein wenig an eine im Wasser liegende Echse erinnert, dem vorgelagerten Landstrich seinen Namen gab. Wie dem auch sei, der kleiner Ort Sant Elm liegt als westlichste Landmarke Mallorcas ideal f\u00fcr einen Besichtigungstour des benachbarten Naturparks \u2013 zum Beispiel mit der kleinen F\u00e4hrschiff \u201eMargarita\u201c. Die \u00dcberfahrt ist aber nicht der einzige Anreiz, der die beschwerliche Anfahrt lohnt, die von Andratx \u00fcber schmalen und kurvigen Stra\u00dfen \u00fcber die Ausl\u00e4ufer des Tramuntana-Gebirgszugs f\u00fchrt. Auch die beiden Str\u00e4nde der K\u00fcstenortschaft sind bei Jung und Alt beliebt. Eine ganze Reihe von Restaurants genie\u00dfen au\u00dferdem den Ruf ausgezeichneter Fisch- und Meeresfr\u00fcchte-Spezialisten.<\/p>\n<p>&nbsp;<\/p>\n\n","protected":false},"excerpt":{"rendered":"<p>Mallorca &#8211; Sant Elm \/ San Telmo Der schlafende Drache ist vom Strand und vom Hafen aus klar zu erkennen. Allerdings wei\u00df man nicht genau, ob die Insel La Dragonera ihren Namen der endemischen Eidechsenart erhielt, die zu Hunderten \u00fcber das Eiland im S\u00fcdwesten von Mallorca kriechen oder ob die Silhouette, die tats\u00e4chlich ein wenig [&hellip;]<\/p>\n","protected":false},"author":1,"featured_media":0,"comment_status":"closed","ping_status":"closed","sticky":false,"template":"","format":"standard","meta":{"footnotes":""},"categories":[1,13,4,7],"tags":[],"jetpack_featured_media_url":"","_links":{"self":[{"href":"https:\/\/mallorca-fotos.info\/index.php?rest_route=\/wp\/v2\/posts\/795"}],"collection":[{"href":"https:\/\/mallorca-fotos.info\/index.php?rest_route=\/wp\/v2\/posts"}],"about":[{"href":"https:\/\/mallorca-fotos.info\/index.php?rest_route=\/wp\/v2\/types\/post"}],"author":[{"embeddable":true,"href":"https:\/\/mallorca-fotos.info\/index.php?rest_route=\/wp\/v2\/users\/1"}],"replies":[{"embeddable":true,"href":"https:\/\/mallorca-fotos.info\/index.php?rest_route=%2Fwp%2Fv2%2Fcomments&post=795"}],"version-history":[{"count":3,"href":"https:\/\/mallorca-fotos.info\/index.php?rest_route=\/wp\/v2\/posts\/795\/revisions"}],"predecessor-version":[{"id":826,"href":"https:\/\/mallorca-fotos.info\/index.php?rest_route=\/wp\/v2\/posts\/795\/revisions\/826"}],"wp:attachment":[{"href":"https:\/\/mallorca-fotos.info\/index.php?rest_route=%2Fwp%2Fv2%2Fmedia&parent=795"}],"wp:term":[{"taxonomy":"category","embeddable":true,"href":"https:\/\/mallorca-fotos.info\/index.php?rest_route=%2Fwp%2Fv2%2Fcategories&post=795"},{"taxonomy":"post_tag","embeddable":true,"href":"https:\/\/mallorca-fotos.info\/index.php?rest_route=%2Fwp%2Fv2%2Ftags&post=795"}],"curies":[{"name":"wp","href":"https:\/\/api.w.org\/{rel}","templated":true}]}}