{"id":793,"date":"2014-09-22T13:48:46","date_gmt":"2014-09-22T11:48:46","guid":{"rendered":"http:\/\/mallorca-fotos.info\/?p=793"},"modified":"2019-01-08T16:46:21","modified_gmt":"2019-01-08T14:46:21","slug":"mallorca-andratx","status":"publish","type":"post","link":"https:\/\/mallorca-fotos.info\/?p=793","title":{"rendered":"Mallorca &#8211; Andratx"},"content":{"rendered":"<h3><a href=\"http:\/\/mallorca-fotos.info\/wp-content\/uploads\/2014\/09\/IMG_4697-400.jpg\"><img decoding=\"async\" loading=\"lazy\" class=\"alignleft size-full wp-image-790\" src=\"http:\/\/mallorca-fotos.info\/wp-content\/uploads\/2014\/09\/IMG_4697-400.jpg\" alt=\"IMG_4697 400\" width=\"400\" height=\"400\" srcset=\"https:\/\/mallorca-fotos.info\/wp-content\/uploads\/2014\/09\/IMG_4697-400.jpg 400w, https:\/\/mallorca-fotos.info\/wp-content\/uploads\/2014\/09\/IMG_4697-400-150x150.jpg 150w, https:\/\/mallorca-fotos.info\/wp-content\/uploads\/2014\/09\/IMG_4697-400-300x300.jpg 300w\" sizes=\"(max-width: 400px) 100vw, 400px\" \/><\/a>Mallorca &#8211; Andratx<\/h3>\n<p>Der Tourismus brachte den Umschwung. Nachdem Andratx mit dem Eintritt ins 19. Jh. schon einmal gut 7.500 Seelen eine Heimat gab, rutschte die Bev\u00f6lkerung gegen 1950 auf gut die H\u00e4lfte, auf 4.300 Einwohner ab. Doch von da an ging\u00b4s bergauf \u2013 allerdings multikulturell. Neben den Spaniern selbst stellen die Deutschen heute das gr\u00f6\u00dfte Kontingent der Anwohner. Letztere siedeln mit Vorliebe auf den Bergr\u00fccken, die die Hafeneinfahrt flankieren. Die Ortschaft und damit das administrative Zentrum liegen einige Kilometer im Hinterland in den s\u00fcdlichen Ausl\u00e4ufern der Tramuntana-Berge.<\/p>\n<p>&nbsp;<\/p>\n\n","protected":false},"excerpt":{"rendered":"<p>Mallorca &#8211; Andratx Der Tourismus brachte den Umschwung. Nachdem Andratx mit dem Eintritt ins 19. Jh. schon einmal gut 7.500 Seelen eine Heimat gab, rutschte die Bev\u00f6lkerung gegen 1950 auf gut die H\u00e4lfte, auf 4.300 Einwohner ab. Doch von da an ging\u00b4s bergauf \u2013 allerdings multikulturell. Neben den Spaniern selbst stellen die Deutschen heute das [&hellip;]<\/p>\n","protected":false},"author":1,"featured_media":0,"comment_status":"closed","ping_status":"closed","sticky":false,"template":"","format":"standard","meta":{"footnotes":""},"categories":[1,8,4],"tags":[],"jetpack_featured_media_url":"","_links":{"self":[{"href":"https:\/\/mallorca-fotos.info\/index.php?rest_route=\/wp\/v2\/posts\/793"}],"collection":[{"href":"https:\/\/mallorca-fotos.info\/index.php?rest_route=\/wp\/v2\/posts"}],"about":[{"href":"https:\/\/mallorca-fotos.info\/index.php?rest_route=\/wp\/v2\/types\/post"}],"author":[{"embeddable":true,"href":"https:\/\/mallorca-fotos.info\/index.php?rest_route=\/wp\/v2\/users\/1"}],"replies":[{"embeddable":true,"href":"https:\/\/mallorca-fotos.info\/index.php?rest_route=%2Fwp%2Fv2%2Fcomments&post=793"}],"version-history":[{"count":4,"href":"https:\/\/mallorca-fotos.info\/index.php?rest_route=\/wp\/v2\/posts\/793\/revisions"}],"predecessor-version":[{"id":1021,"href":"https:\/\/mallorca-fotos.info\/index.php?rest_route=\/wp\/v2\/posts\/793\/revisions\/1021"}],"wp:attachment":[{"href":"https:\/\/mallorca-fotos.info\/index.php?rest_route=%2Fwp%2Fv2%2Fmedia&parent=793"}],"wp:term":[{"taxonomy":"category","embeddable":true,"href":"https:\/\/mallorca-fotos.info\/index.php?rest_route=%2Fwp%2Fv2%2Fcategories&post=793"},{"taxonomy":"post_tag","embeddable":true,"href":"https:\/\/mallorca-fotos.info\/index.php?rest_route=%2Fwp%2Fv2%2Ftags&post=793"}],"curies":[{"name":"wp","href":"https:\/\/api.w.org\/{rel}","templated":true}]}}