{"id":791,"date":"2014-09-22T12:51:35","date_gmt":"2014-09-22T10:51:35","guid":{"rendered":"http:\/\/mallorca-fotos.info\/?p=791"},"modified":"2019-01-08T16:46:21","modified_gmt":"2019-01-08T14:46:21","slug":"mallorca-sarraco","status":"publish","type":"post","link":"https:\/\/mallorca-fotos.info\/?p=791","title":{"rendered":"Mallorca &#8211; S`Arrac\u00f3"},"content":{"rendered":"<h3><a href=\"http:\/\/mallorca-fotos.info\/wp-content\/uploads\/2014\/09\/IMG_4639-400.jpg\"><img decoding=\"async\" loading=\"lazy\" class=\"alignleft size-full wp-image-789\" src=\"http:\/\/mallorca-fotos.info\/wp-content\/uploads\/2014\/09\/IMG_4639-400.jpg\" alt=\"IMG_4639 400\" width=\"400\" height=\"398\" srcset=\"https:\/\/mallorca-fotos.info\/wp-content\/uploads\/2014\/09\/IMG_4639-400.jpg 400w, https:\/\/mallorca-fotos.info\/wp-content\/uploads\/2014\/09\/IMG_4639-400-150x150.jpg 150w, https:\/\/mallorca-fotos.info\/wp-content\/uploads\/2014\/09\/IMG_4639-400-300x298.jpg 300w\" sizes=\"(max-width: 400px) 100vw, 400px\" \/><\/a>Mallorca S`Arrac\u00f3<\/h3>\n<p>Wie ein Fischgerippe nehmen sich die Verkehrsverbindungen in S\u00b4Arrac\u00f3 aus. Von der Hauptstra\u00dfe, der Wirbels\u00e4ule, zweigen links und rechts ein paar Gr\u00e4ten ab, die nach einer kurzen H\u00e4userzeile im Nichts verlaufen. Ebenso \u00fcbersichtlich gibt sich auch die kulinarische Infrastruktur der kleinen Ortschaft zwischen Andratx im Osten und Sant Elm im S\u00fcdwesten: au\u00dfer drei Bars, Can Nou, Can Viguet und Can Prima, passiert da nichts Aufregendes. Und selbst die kleine Pfarrkirche &#8222;Sant Crist de S&#8217;Arrac\u00f3&#8220;, die1704 erbaut wurde, gibt sich eher bescheiden. Daher fallen einzelne H\u00e4user im Dorf schon auf. Sie kontrastieren mittels formvollendeter Architektur und pr\u00e4chtiger Ausstattung mit ihren rustikalen Schwestern. Der Grund f\u00fcr die zwei Bauwelten war eine Auswandererwelle im 19. Jh. Viele Bewohner von S`Arrac\u00f3 mussten sich damals als Gastarbeiter in Frankreich verdingen und kehrten als gemachte Leute zur\u00fcck. Die Villen bieten viel Komfort. Die Einrichtung im gehobenen mediterranen Stil hat Klasse. Wohl auch deshalb zieht es vor allem K\u00fcnstlernaturen in den kleinen Ort im S\u00fcdwesten der Insel.<\/p>\n<p>&nbsp;<\/p>\n\n","protected":false},"excerpt":{"rendered":"<p>Mallorca S`Arrac\u00f3 Wie ein Fischgerippe nehmen sich die Verkehrsverbindungen in S\u00b4Arrac\u00f3 aus. Von der Hauptstra\u00dfe, der Wirbels\u00e4ule, zweigen links und rechts ein paar Gr\u00e4ten ab, die nach einer kurzen H\u00e4userzeile im Nichts verlaufen. Ebenso \u00fcbersichtlich gibt sich auch die kulinarische Infrastruktur der kleinen Ortschaft zwischen Andratx im Osten und Sant Elm im S\u00fcdwesten: au\u00dfer drei [&hellip;]<\/p>\n","protected":false},"author":1,"featured_media":0,"comment_status":"closed","ping_status":"closed","sticky":false,"template":"","format":"standard","meta":{"footnotes":""},"categories":[1,4],"tags":[],"jetpack_featured_media_url":"","_links":{"self":[{"href":"https:\/\/mallorca-fotos.info\/index.php?rest_route=\/wp\/v2\/posts\/791"}],"collection":[{"href":"https:\/\/mallorca-fotos.info\/index.php?rest_route=\/wp\/v2\/posts"}],"about":[{"href":"https:\/\/mallorca-fotos.info\/index.php?rest_route=\/wp\/v2\/types\/post"}],"author":[{"embeddable":true,"href":"https:\/\/mallorca-fotos.info\/index.php?rest_route=\/wp\/v2\/users\/1"}],"replies":[{"embeddable":true,"href":"https:\/\/mallorca-fotos.info\/index.php?rest_route=%2Fwp%2Fv2%2Fcomments&post=791"}],"version-history":[{"count":3,"href":"https:\/\/mallorca-fotos.info\/index.php?rest_route=\/wp\/v2\/posts\/791\/revisions"}],"predecessor-version":[{"id":824,"href":"https:\/\/mallorca-fotos.info\/index.php?rest_route=\/wp\/v2\/posts\/791\/revisions\/824"}],"wp:attachment":[{"href":"https:\/\/mallorca-fotos.info\/index.php?rest_route=%2Fwp%2Fv2%2Fmedia&parent=791"}],"wp:term":[{"taxonomy":"category","embeddable":true,"href":"https:\/\/mallorca-fotos.info\/index.php?rest_route=%2Fwp%2Fv2%2Fcategories&post=791"},{"taxonomy":"post_tag","embeddable":true,"href":"https:\/\/mallorca-fotos.info\/index.php?rest_route=%2Fwp%2Fv2%2Ftags&post=791"}],"curies":[{"name":"wp","href":"https:\/\/api.w.org\/{rel}","templated":true}]}}