{"id":768,"date":"2014-09-15T14:55:28","date_gmt":"2014-09-15T12:55:28","guid":{"rendered":"http:\/\/mallorca-fotos.info\/?p=768"},"modified":"2019-01-08T16:46:21","modified_gmt":"2019-01-08T14:46:21","slug":"mallorca-fornalutx","status":"publish","type":"post","link":"https:\/\/mallorca-fotos.info\/?p=768","title":{"rendered":"Mallorca &#8211; Fornalutx"},"content":{"rendered":"<h3><a href=\"http:\/\/mallorca-fotos.info\/wp-content\/uploads\/2014\/09\/IMG_3940-400.jpg\"><img decoding=\"async\" loading=\"lazy\" class=\"alignleft size-full wp-image-624\" src=\"http:\/\/mallorca-fotos.info\/wp-content\/uploads\/2014\/09\/IMG_3940-400.jpg\" alt=\"IMG_3940 400\" width=\"400\" height=\"400\" srcset=\"https:\/\/mallorca-fotos.info\/wp-content\/uploads\/2014\/09\/IMG_3940-400.jpg 400w, https:\/\/mallorca-fotos.info\/wp-content\/uploads\/2014\/09\/IMG_3940-400-150x150.jpg 150w, https:\/\/mallorca-fotos.info\/wp-content\/uploads\/2014\/09\/IMG_3940-400-300x300.jpg 300w\" sizes=\"(max-width: 400px) 100vw, 400px\" \/><\/a>Fornalutx<\/h3>\n<p>Der Bergort n\u00f6rdlich von S\u00f3ller hat schon mehrfach den Wettbewerb um das sch\u00f6nste Dorf Spaniens gewonnen. Aus gutem Grund: H\u00e4userzeilen aus honigfarbenem Bruchstein, schmale Gassen, die sich bergauf und bergab schl\u00e4ngeln, ein zentraler Platz unter Platanen, kleine Kneipen und Restaurants. Ringsum in den Terrasseng\u00e4rten gedeihen Hunderte von Zitrusb\u00e4ume, an den Hausw\u00e4nden ranken leuchten rote Bougainvillea. Ein idealer Ausgangsort f\u00fcr Wanderungen, zum Beispiel die \u00fcber Biniaraitx nach S\u00f3ller.<\/p>\n<p>&nbsp;<\/p>\n\n","protected":false},"excerpt":{"rendered":"<p>Fornalutx Der Bergort n\u00f6rdlich von S\u00f3ller hat schon mehrfach den Wettbewerb um das sch\u00f6nste Dorf Spaniens gewonnen. Aus gutem Grund: H\u00e4userzeilen aus honigfarbenem Bruchstein, schmale Gassen, die sich bergauf und bergab schl\u00e4ngeln, ein zentraler Platz unter Platanen, kleine Kneipen und Restaurants. Ringsum in den Terrasseng\u00e4rten gedeihen Hunderte von Zitrusb\u00e4ume, an den Hausw\u00e4nden ranken leuchten rote [&hellip;]<\/p>\n","protected":false},"author":1,"featured_media":0,"comment_status":"closed","ping_status":"closed","sticky":false,"template":"","format":"standard","meta":{"footnotes":""},"categories":[1,12,4],"tags":[],"jetpack_featured_media_url":"","_links":{"self":[{"href":"https:\/\/mallorca-fotos.info\/index.php?rest_route=\/wp\/v2\/posts\/768"}],"collection":[{"href":"https:\/\/mallorca-fotos.info\/index.php?rest_route=\/wp\/v2\/posts"}],"about":[{"href":"https:\/\/mallorca-fotos.info\/index.php?rest_route=\/wp\/v2\/types\/post"}],"author":[{"embeddable":true,"href":"https:\/\/mallorca-fotos.info\/index.php?rest_route=\/wp\/v2\/users\/1"}],"replies":[{"embeddable":true,"href":"https:\/\/mallorca-fotos.info\/index.php?rest_route=%2Fwp%2Fv2%2Fcomments&post=768"}],"version-history":[{"count":3,"href":"https:\/\/mallorca-fotos.info\/index.php?rest_route=\/wp\/v2\/posts\/768\/revisions"}],"predecessor-version":[{"id":782,"href":"https:\/\/mallorca-fotos.info\/index.php?rest_route=\/wp\/v2\/posts\/768\/revisions\/782"}],"wp:attachment":[{"href":"https:\/\/mallorca-fotos.info\/index.php?rest_route=%2Fwp%2Fv2%2Fmedia&parent=768"}],"wp:term":[{"taxonomy":"category","embeddable":true,"href":"https:\/\/mallorca-fotos.info\/index.php?rest_route=%2Fwp%2Fv2%2Fcategories&post=768"},{"taxonomy":"post_tag","embeddable":true,"href":"https:\/\/mallorca-fotos.info\/index.php?rest_route=%2Fwp%2Fv2%2Ftags&post=768"}],"curies":[{"name":"wp","href":"https:\/\/api.w.org\/{rel}","templated":true}]}}