{"id":765,"date":"2014-09-15T15:09:04","date_gmt":"2014-09-15T13:09:04","guid":{"rendered":"http:\/\/mallorca-fotos.info\/?p=765"},"modified":"2019-01-08T16:46:21","modified_gmt":"2019-01-08T14:46:21","slug":"port-de-soller","status":"publish","type":"post","link":"https:\/\/mallorca-fotos.info\/?p=765","title":{"rendered":"Mallorca &#8211; Port de S\u00f3ller"},"content":{"rendered":"<h3><a href=\"http:\/\/mallorca-fotos.info\/wp-content\/uploads\/2014\/09\/IMG_3807-400.jpg\"><img decoding=\"async\" loading=\"lazy\" class=\"alignleft size-full wp-image-766\" src=\"http:\/\/mallorca-fotos.info\/wp-content\/uploads\/2014\/09\/IMG_3807-400.jpg\" alt=\"IMG_3807 400\" width=\"400\" height=\"400\" srcset=\"https:\/\/mallorca-fotos.info\/wp-content\/uploads\/2014\/09\/IMG_3807-400.jpg 400w, https:\/\/mallorca-fotos.info\/wp-content\/uploads\/2014\/09\/IMG_3807-400-150x150.jpg 150w, https:\/\/mallorca-fotos.info\/wp-content\/uploads\/2014\/09\/IMG_3807-400-300x300.jpg 300w\" sizes=\"(max-width: 400px) 100vw, 400px\" \/><\/a>Port de S\u00f3ller, der Hafen von S\u00f3ller<\/h3>\n<p>Die ringf\u00f6rmige Bucht von S\u00f3ller beherbergt den einzigen gesch\u00fctzten Hafen der mallorquinischen Westk\u00fcste. Dahinter \u00f6ffnet sich ein weites Tal an dessen Scheitelpunkt das St\u00e4dtchen S\u00f3ller inmitten von Orangenkulturen liegt. Die beiden Bergd\u00f6rfer Fornalutx und Biniaraix schlie\u00dfen sich auf 100 bzw. 200 Meter H\u00f6he im Norden an. Ringsum \u00fcberragt ein beeindruckendes Gebirgsmassiv das Tal. Bis 1997 war S\u00f3ller nur \u00fcber Passstra\u00dfen mit vielen Serpentinen zu erreichen. Seit Beginn des neuen Jahrtausends gibt es zus\u00e4tzlich einen mautpflichtigen Stra\u00dfentunnel f\u00fcr die Route Palma-S\u00f3ller, dessen Benutzung Jahr f\u00fcr Jahr teurer wird.<br \/>\nPort de S\u00f3ller umgibt eine fast kreisrunde Bucht. Die schmale Einfahrt des nat\u00fcrlichen Hafens wird auf beiden Seiten von sch\u00fctzenden Felsen flankiert. Zwischen Ortsstrand und Meer verl\u00e4uft eine Hauptstra\u00dfe inklusive Trasse der Stra\u00dfenbahn. Die Stra\u00dfe ist heute allerdings nicht mehr f\u00fcr den Durchgangsverkehr ge\u00f6ffnet.<br \/>\nGut 300 Meter vor dem Ortseingang zum Hafen verzweigt sich die neue Stra\u00dfe: rechts f\u00fchrt ein Tunnel zum alten Ortskern, recht zweigt eine schmale Zufahrt zu Parkplatz und Auffahrt zum Leuchtturm ab.<\/p>\n\n","protected":false},"excerpt":{"rendered":"<p>Port de S\u00f3ller, der Hafen von S\u00f3ller Die ringf\u00f6rmige Bucht von S\u00f3ller beherbergt den einzigen gesch\u00fctzten Hafen der mallorquinischen Westk\u00fcste. Dahinter \u00f6ffnet sich ein weites Tal an dessen Scheitelpunkt das St\u00e4dtchen S\u00f3ller inmitten von Orangenkulturen liegt. Die beiden Bergd\u00f6rfer Fornalutx und Biniaraix schlie\u00dfen sich auf 100 bzw. 200 Meter H\u00f6he im Norden an. Ringsum \u00fcberragt [&hellip;]<\/p>\n","protected":false},"author":1,"featured_media":0,"comment_status":"closed","ping_status":"closed","sticky":false,"template":"","format":"standard","meta":{"footnotes":""},"categories":[1,13,4],"tags":[],"jetpack_featured_media_url":"","_links":{"self":[{"href":"https:\/\/mallorca-fotos.info\/index.php?rest_route=\/wp\/v2\/posts\/765"}],"collection":[{"href":"https:\/\/mallorca-fotos.info\/index.php?rest_route=\/wp\/v2\/posts"}],"about":[{"href":"https:\/\/mallorca-fotos.info\/index.php?rest_route=\/wp\/v2\/types\/post"}],"author":[{"embeddable":true,"href":"https:\/\/mallorca-fotos.info\/index.php?rest_route=\/wp\/v2\/users\/1"}],"replies":[{"embeddable":true,"href":"https:\/\/mallorca-fotos.info\/index.php?rest_route=%2Fwp%2Fv2%2Fcomments&post=765"}],"version-history":[{"count":4,"href":"https:\/\/mallorca-fotos.info\/index.php?rest_route=\/wp\/v2\/posts\/765\/revisions"}],"predecessor-version":[{"id":785,"href":"https:\/\/mallorca-fotos.info\/index.php?rest_route=\/wp\/v2\/posts\/765\/revisions\/785"}],"wp:attachment":[{"href":"https:\/\/mallorca-fotos.info\/index.php?rest_route=%2Fwp%2Fv2%2Fmedia&parent=765"}],"wp:term":[{"taxonomy":"category","embeddable":true,"href":"https:\/\/mallorca-fotos.info\/index.php?rest_route=%2Fwp%2Fv2%2Fcategories&post=765"},{"taxonomy":"post_tag","embeddable":true,"href":"https:\/\/mallorca-fotos.info\/index.php?rest_route=%2Fwp%2Fv2%2Ftags&post=765"}],"curies":[{"name":"wp","href":"https:\/\/api.w.org\/{rel}","templated":true}]}}