{"id":761,"date":"2014-09-15T13:05:54","date_gmt":"2014-09-15T11:05:54","guid":{"rendered":"http:\/\/mallorca-fotos.info\/?p=761"},"modified":"2019-01-08T16:46:21","modified_gmt":"2019-01-08T14:46:21","slug":"tal-von-orient","status":"publish","type":"post","link":"https:\/\/mallorca-fotos.info\/?p=761","title":{"rendered":"Mallorca &#8211; Tal von Orient"},"content":{"rendered":"<h3><a href=\"http:\/\/mallorca-fotos.info\/wp-content\/uploads\/2014\/09\/IMG_3749-400.jpg\"><img decoding=\"async\" loading=\"lazy\" class=\"alignleft size-full wp-image-762\" src=\"http:\/\/mallorca-fotos.info\/wp-content\/uploads\/2014\/09\/IMG_3749-400.jpg\" alt=\"IMG_3749 400\" width=\"414\" height=\"400\" srcset=\"https:\/\/mallorca-fotos.info\/wp-content\/uploads\/2014\/09\/IMG_3749-400.jpg 414w, https:\/\/mallorca-fotos.info\/wp-content\/uploads\/2014\/09\/IMG_3749-400-300x289.jpg 300w\" sizes=\"(max-width: 414px) 100vw, 414px\" \/><\/a>Tal von Orient, Valle de Orient<\/h3>\n<p>Die kleine Ortschaft Orient liegt in einem gleichnamigen Tal in den H\u00f6henz\u00fcgen der Tramontana zwischen Bunyola im S\u00fcden und Alar\u00f3 im Osten. Im s\u00fcdlichen Abschnitt des Tals findet man ausgedehnte Weidefl\u00e4chen auf denen vor allem Schafe grasen. Die Landstra\u00dfe, die sich durch die Talsenke schl\u00e4ngelt, f\u00fchrt auch durch einen stillen Steineichen-Hain. Im n\u00f6rdlichen Talanschnitt liegt der Ort Orient auf einen Anh\u00f6he, kaum drei\u00dfig H\u00e4user, eine ehemalige Schulen, drei Restaurants von denen vor allem das Mandala bekannt geworden ist und ein Landhotel. Die Ortschaft ist umgeben von Obstplantagen. In Richtung Alar\u00f3 st\u00f6\u00dft man auf ein weiteres bekanntes Landhotels, das L`Hermitage, untergebracht in einem alten Kloster. Das Tal ist Ausgangspunkt einer ganzen Reihe von Wanderungen.<\/p>\n\n","protected":false},"excerpt":{"rendered":"<p>Tal von Orient, Valle de Orient Die kleine Ortschaft Orient liegt in einem gleichnamigen Tal in den H\u00f6henz\u00fcgen der Tramontana zwischen Bunyola im S\u00fcden und Alar\u00f3 im Osten. Im s\u00fcdlichen Abschnitt des Tals findet man ausgedehnte Weidefl\u00e4chen auf denen vor allem Schafe grasen. Die Landstra\u00dfe, die sich durch die Talsenke schl\u00e4ngelt, f\u00fchrt auch durch einen [&hellip;]<\/p>\n","protected":false},"author":1,"featured_media":0,"comment_status":"closed","ping_status":"closed","sticky":false,"template":"","format":"standard","meta":{"footnotes":""},"categories":[12,4],"tags":[],"jetpack_featured_media_url":"","_links":{"self":[{"href":"https:\/\/mallorca-fotos.info\/index.php?rest_route=\/wp\/v2\/posts\/761"}],"collection":[{"href":"https:\/\/mallorca-fotos.info\/index.php?rest_route=\/wp\/v2\/posts"}],"about":[{"href":"https:\/\/mallorca-fotos.info\/index.php?rest_route=\/wp\/v2\/types\/post"}],"author":[{"embeddable":true,"href":"https:\/\/mallorca-fotos.info\/index.php?rest_route=\/wp\/v2\/users\/1"}],"replies":[{"embeddable":true,"href":"https:\/\/mallorca-fotos.info\/index.php?rest_route=%2Fwp%2Fv2%2Fcomments&post=761"}],"version-history":[{"count":3,"href":"https:\/\/mallorca-fotos.info\/index.php?rest_route=\/wp\/v2\/posts\/761\/revisions"}],"predecessor-version":[{"id":774,"href":"https:\/\/mallorca-fotos.info\/index.php?rest_route=\/wp\/v2\/posts\/761\/revisions\/774"}],"wp:attachment":[{"href":"https:\/\/mallorca-fotos.info\/index.php?rest_route=%2Fwp%2Fv2%2Fmedia&parent=761"}],"wp:term":[{"taxonomy":"category","embeddable":true,"href":"https:\/\/mallorca-fotos.info\/index.php?rest_route=%2Fwp%2Fv2%2Fcategories&post=761"},{"taxonomy":"post_tag","embeddable":true,"href":"https:\/\/mallorca-fotos.info\/index.php?rest_route=%2Fwp%2Fv2%2Ftags&post=761"}],"curies":[{"name":"wp","href":"https:\/\/api.w.org\/{rel}","templated":true}]}}