{"id":759,"date":"2014-09-15T13:04:42","date_gmt":"2014-09-15T11:04:42","guid":{"rendered":"http:\/\/mallorca-fotos.info\/?p=759"},"modified":"2019-01-08T16:46:21","modified_gmt":"2019-01-08T14:46:21","slug":"mallorca-alaro","status":"publish","type":"post","link":"https:\/\/mallorca-fotos.info\/?p=759","title":{"rendered":"Mallorca &#8211; Alar\u00f3"},"content":{"rendered":"<h3><a href=\"http:\/\/mallorca-fotos.info\/wp-content\/uploads\/2014\/09\/IMG_3766-400.jpg\"><img decoding=\"async\" loading=\"lazy\" class=\"alignleft size-full wp-image-625\" src=\"http:\/\/mallorca-fotos.info\/wp-content\/uploads\/2014\/09\/IMG_3766-400.jpg\" alt=\"IMG_3766 400\" width=\"400\" height=\"400\" srcset=\"https:\/\/mallorca-fotos.info\/wp-content\/uploads\/2014\/09\/IMG_3766-400.jpg 400w, https:\/\/mallorca-fotos.info\/wp-content\/uploads\/2014\/09\/IMG_3766-400-150x150.jpg 150w, https:\/\/mallorca-fotos.info\/wp-content\/uploads\/2014\/09\/IMG_3766-400-300x300.jpg 300w\" sizes=\"(max-width: 400px) 100vw, 400px\" \/><\/a>Alar\u00f3<\/h3>\n<p>Die Ortschaft an der Ostflanke der Tamontana-Berge besteht mindestens schon seit 1100 Jahren und ihr Name ist eng mit der Monarchie Mallorca verkn\u00fcpft. Denn immer wieder wurde nach der R\u00fcckeroberung der Insel durch Jaume I. die Burg oberhalb von Alar\u00f3 zum letzten Bollwerk gegen die einfallenden Horden. So zuletzt im Jahre 1231, als Alfons II., K\u00f6nig von Aragonien, die Streitkr\u00e4fte seines Vetters, den amtierenden K\u00f6nig von Mallorca Jaume III. belagerte. Die Ruinen der Burganlage k\u00f6nnen besichtigt werden. Erw\u00e4hnenswert ist auch der Umstand, dass in der N\u00e4he von Alar\u00f3 \u00fcber 100 Jahre lang Kohle u.a. f\u00fcr die ersten elektrischen Kraftwerke der Insel gef\u00f6rderte wurde. Dabei gelangte dieser heute vergessene Industriezweig vor allem gegen Ende des 18ten und zu Beginn des 19. Jahrhunderts zu bescheidener Tradition. In Alar\u00f3, Lloseta und Selva arbeiteten mehrere hundert Bergleute in bis zu 200 Metern unter der Erde. 1987 wurde die Zeche in Alar\u00f3 geschlossen.<\/p>\n\n","protected":false},"excerpt":{"rendered":"<p>Alar\u00f3 Die Ortschaft an der Ostflanke der Tamontana-Berge besteht mindestens schon seit 1100 Jahren und ihr Name ist eng mit der Monarchie Mallorca verkn\u00fcpft. Denn immer wieder wurde nach der R\u00fcckeroberung der Insel durch Jaume I. die Burg oberhalb von Alar\u00f3 zum letzten Bollwerk gegen die einfallenden Horden. So zuletzt im Jahre 1231, als Alfons [&hellip;]<\/p>\n","protected":false},"author":1,"featured_media":0,"comment_status":"closed","ping_status":"closed","sticky":false,"template":"","format":"standard","meta":{"footnotes":""},"categories":[4],"tags":[],"jetpack_featured_media_url":"","_links":{"self":[{"href":"https:\/\/mallorca-fotos.info\/index.php?rest_route=\/wp\/v2\/posts\/759"}],"collection":[{"href":"https:\/\/mallorca-fotos.info\/index.php?rest_route=\/wp\/v2\/posts"}],"about":[{"href":"https:\/\/mallorca-fotos.info\/index.php?rest_route=\/wp\/v2\/types\/post"}],"author":[{"embeddable":true,"href":"https:\/\/mallorca-fotos.info\/index.php?rest_route=\/wp\/v2\/users\/1"}],"replies":[{"embeddable":true,"href":"https:\/\/mallorca-fotos.info\/index.php?rest_route=%2Fwp%2Fv2%2Fcomments&post=759"}],"version-history":[{"count":4,"href":"https:\/\/mallorca-fotos.info\/index.php?rest_route=\/wp\/v2\/posts\/759\/revisions"}],"predecessor-version":[{"id":772,"href":"https:\/\/mallorca-fotos.info\/index.php?rest_route=\/wp\/v2\/posts\/759\/revisions\/772"}],"wp:attachment":[{"href":"https:\/\/mallorca-fotos.info\/index.php?rest_route=%2Fwp%2Fv2%2Fmedia&parent=759"}],"wp:term":[{"taxonomy":"category","embeddable":true,"href":"https:\/\/mallorca-fotos.info\/index.php?rest_route=%2Fwp%2Fv2%2Fcategories&post=759"},{"taxonomy":"post_tag","embeddable":true,"href":"https:\/\/mallorca-fotos.info\/index.php?rest_route=%2Fwp%2Fv2%2Ftags&post=759"}],"curies":[{"name":"wp","href":"https:\/\/api.w.org\/{rel}","templated":true}]}}