{"id":757,"date":"2014-09-15T13:47:17","date_gmt":"2014-09-15T11:47:17","guid":{"rendered":"http:\/\/mallorca-fotos.info\/?p=757"},"modified":"2019-01-08T16:46:21","modified_gmt":"2019-01-08T14:46:21","slug":"soller","status":"publish","type":"post","link":"https:\/\/mallorca-fotos.info\/?p=757","title":{"rendered":"Mallorca &#8211; S\u00f3ller"},"content":{"rendered":"<h3><a href=\"http:\/\/mallorca-fotos.info\/wp-content\/uploads\/2014\/09\/IMG_3881-400.jpg\"><img decoding=\"async\" loading=\"lazy\" class=\"alignleft size-full wp-image-623\" src=\"http:\/\/mallorca-fotos.info\/wp-content\/uploads\/2014\/09\/IMG_3881-400.jpg\" alt=\"IMG_3881 400\" width=\"400\" height=\"400\" srcset=\"https:\/\/mallorca-fotos.info\/wp-content\/uploads\/2014\/09\/IMG_3881-400.jpg 400w, https:\/\/mallorca-fotos.info\/wp-content\/uploads\/2014\/09\/IMG_3881-400-150x150.jpg 150w, https:\/\/mallorca-fotos.info\/wp-content\/uploads\/2014\/09\/IMG_3881-400-300x300.jpg 300w\" sizes=\"(max-width: 400px) 100vw, 400px\" \/><\/a>S\u00f3ller<\/h3>\n<p>S\u00f3ller ist ein kleines, ruhiges St\u00e4dtchen im Herzen der Tramuntana, die im Jahre 2011 das Pr\u00e4dikat Weltkulturerbe der UNESCO erhielten. S\u00f3ller blieb von den Ver\u00e4nderungen durch den Tourismus auf Mallorca weitgehend verschont. Gr\u00f6\u00dfere Herbergen konzentrieren sich vor allem an der S\u00fcdflanke der Bucht von S\u00f3ller. Und trotzdem bietet das Tal von S\u00f3ller eine F\u00fclle von M\u00f6glichkeiten f\u00fcr den Besucher. Naturfreunde genie\u00dfen Wanderungen durch die pittoreske Bergwelt, Radsportler finden hier herausfordernde Parcours, Wassersportler k\u00f6nnen tauchen oder Kanu fahren. Auch ein repr\u00e4sentatives Naturkundemuseum mit angeschlossenem Botanischem Garten gibt am Ortsrand von Soller einen interessanten \u00dcberblick \u00fcber die Entwicklungsgeschichte der Insel und deren Flora und Fauna.<\/p>\n\n","protected":false},"excerpt":{"rendered":"<p>S\u00f3ller S\u00f3ller ist ein kleines, ruhiges St\u00e4dtchen im Herzen der Tramuntana, die im Jahre 2011 das Pr\u00e4dikat Weltkulturerbe der UNESCO erhielten. S\u00f3ller blieb von den Ver\u00e4nderungen durch den Tourismus auf Mallorca weitgehend verschont. Gr\u00f6\u00dfere Herbergen konzentrieren sich vor allem an der S\u00fcdflanke der Bucht von S\u00f3ller. Und trotzdem bietet das Tal von S\u00f3ller eine F\u00fclle [&hellip;]<\/p>\n","protected":false},"author":1,"featured_media":0,"comment_status":"closed","ping_status":"closed","sticky":false,"template":"","format":"standard","meta":{"footnotes":""},"categories":[4],"tags":[],"jetpack_featured_media_url":"","_links":{"self":[{"href":"https:\/\/mallorca-fotos.info\/index.php?rest_route=\/wp\/v2\/posts\/757"}],"collection":[{"href":"https:\/\/mallorca-fotos.info\/index.php?rest_route=\/wp\/v2\/posts"}],"about":[{"href":"https:\/\/mallorca-fotos.info\/index.php?rest_route=\/wp\/v2\/types\/post"}],"author":[{"embeddable":true,"href":"https:\/\/mallorca-fotos.info\/index.php?rest_route=\/wp\/v2\/users\/1"}],"replies":[{"embeddable":true,"href":"https:\/\/mallorca-fotos.info\/index.php?rest_route=%2Fwp%2Fv2%2Fcomments&post=757"}],"version-history":[{"count":5,"href":"https:\/\/mallorca-fotos.info\/index.php?rest_route=\/wp\/v2\/posts\/757\/revisions"}],"predecessor-version":[{"id":778,"href":"https:\/\/mallorca-fotos.info\/index.php?rest_route=\/wp\/v2\/posts\/757\/revisions\/778"}],"wp:attachment":[{"href":"https:\/\/mallorca-fotos.info\/index.php?rest_route=%2Fwp%2Fv2%2Fmedia&parent=757"}],"wp:term":[{"taxonomy":"category","embeddable":true,"href":"https:\/\/mallorca-fotos.info\/index.php?rest_route=%2Fwp%2Fv2%2Fcategories&post=757"},{"taxonomy":"post_tag","embeddable":true,"href":"https:\/\/mallorca-fotos.info\/index.php?rest_route=%2Fwp%2Fv2%2Ftags&post=757"}],"curies":[{"name":"wp","href":"https:\/\/api.w.org\/{rel}","templated":true}]}}