{"id":620,"date":"2014-09-15T14:05:33","date_gmt":"2014-09-15T12:05:33","guid":{"rendered":"http:\/\/mallorca-fotos.info\/?p=620"},"modified":"2019-01-08T16:46:21","modified_gmt":"2019-01-08T14:46:21","slug":"mallorca-can-prunera","status":"publish","type":"post","link":"https:\/\/mallorca-fotos.info\/?p=620","title":{"rendered":"Mallorca &#8211; Can Prunera"},"content":{"rendered":"<h3><strong><a href=\"http:\/\/mallorca-fotos.info\/wp-content\/uploads\/2014\/09\/IMG_3889-400.jpg\"><img decoding=\"async\" loading=\"lazy\" class=\"alignleft size-full wp-image-622\" src=\"http:\/\/mallorca-fotos.info\/wp-content\/uploads\/2014\/09\/IMG_3889-400.jpg\" alt=\"IMG_3889 400\" width=\"400\" height=\"400\" srcset=\"https:\/\/mallorca-fotos.info\/wp-content\/uploads\/2014\/09\/IMG_3889-400.jpg 400w, https:\/\/mallorca-fotos.info\/wp-content\/uploads\/2014\/09\/IMG_3889-400-150x150.jpg 150w, https:\/\/mallorca-fotos.info\/wp-content\/uploads\/2014\/09\/IMG_3889-400-300x300.jpg 300w\" sizes=\"(max-width: 400px) 100vw, 400px\" \/><\/a>Can Prunera<\/strong><\/h3>\n<p>Bei Can Prunera handelt es sich um einen Jugendstilbau in einer der kommerziellsten Stra\u00dfen der Altstadt von S\u00f3ller. Das zweist\u00f6ckige Geb\u00e4ude wurde Anfang des 20sten Jahrhunderts errichtet und in den drei Jahren zwischen 2006 und 2009 zum Museum umgebaut. Heute sind in der stehenden Ausstellung vor allem zeitgen\u00f6ssische Werke von auf Mallorca ans\u00e4ssigen K\u00fcnstlern zu sehen, die in ihrer Mehrzahl aus der Kunstsammlung Serra stammen.<br \/>\nBesuchszeiten: Mo-Sa von 10.30 bis 18.30 Uhr.<\/p>\n\n","protected":false},"excerpt":{"rendered":"<p>Can Prunera Bei Can Prunera handelt es sich um einen Jugendstilbau in einer der kommerziellsten Stra\u00dfen der Altstadt von S\u00f3ller. Das zweist\u00f6ckige Geb\u00e4ude wurde Anfang des 20sten Jahrhunderts errichtet und in den drei Jahren zwischen 2006 und 2009 zum Museum umgebaut. Heute sind in der stehenden Ausstellung vor allem zeitgen\u00f6ssische Werke von auf Mallorca ans\u00e4ssigen [&hellip;]<\/p>\n","protected":false},"author":1,"featured_media":0,"comment_status":"closed","ping_status":"closed","sticky":false,"template":"","format":"standard","meta":{"footnotes":""},"categories":[1,8],"tags":[],"jetpack_featured_media_url":"","_links":{"self":[{"href":"https:\/\/mallorca-fotos.info\/index.php?rest_route=\/wp\/v2\/posts\/620"}],"collection":[{"href":"https:\/\/mallorca-fotos.info\/index.php?rest_route=\/wp\/v2\/posts"}],"about":[{"href":"https:\/\/mallorca-fotos.info\/index.php?rest_route=\/wp\/v2\/types\/post"}],"author":[{"embeddable":true,"href":"https:\/\/mallorca-fotos.info\/index.php?rest_route=\/wp\/v2\/users\/1"}],"replies":[{"embeddable":true,"href":"https:\/\/mallorca-fotos.info\/index.php?rest_route=%2Fwp%2Fv2%2Fcomments&post=620"}],"version-history":[{"count":5,"href":"https:\/\/mallorca-fotos.info\/index.php?rest_route=\/wp\/v2\/posts\/620\/revisions"}],"predecessor-version":[{"id":779,"href":"https:\/\/mallorca-fotos.info\/index.php?rest_route=\/wp\/v2\/posts\/620\/revisions\/779"}],"wp:attachment":[{"href":"https:\/\/mallorca-fotos.info\/index.php?rest_route=%2Fwp%2Fv2%2Fmedia&parent=620"}],"wp:term":[{"taxonomy":"category","embeddable":true,"href":"https:\/\/mallorca-fotos.info\/index.php?rest_route=%2Fwp%2Fv2%2Fcategories&post=620"},{"taxonomy":"post_tag","embeddable":true,"href":"https:\/\/mallorca-fotos.info\/index.php?rest_route=%2Fwp%2Fv2%2Ftags&post=620"}],"curies":[{"name":"wp","href":"https:\/\/api.w.org\/{rel}","templated":true}]}}