{"id":610,"date":"2014-09-08T11:12:31","date_gmt":"2014-09-08T09:12:31","guid":{"rendered":"http:\/\/mallorca-fotos.info\/?p=610"},"modified":"2019-01-08T16:46:22","modified_gmt":"2019-01-08T14:46:22","slug":"jardines-de-alfabia-teil-1","status":"publish","type":"post","link":"https:\/\/mallorca-fotos.info\/?p=610","title":{"rendered":"Mallorca &#8211; Jardines de Alfabia"},"content":{"rendered":"<h3><a href=\"http:\/\/mallorca-fotos.info\/wp-content\/uploads\/2014\/09\/IMG_3584-400.jpg\"><img decoding=\"async\" loading=\"lazy\" class=\"alignleft size-full wp-image-609\" src=\"http:\/\/mallorca-fotos.info\/wp-content\/uploads\/2014\/09\/IMG_3584-400.jpg\" alt=\"IMG_3584 400\" width=\"400\" height=\"400\" srcset=\"https:\/\/mallorca-fotos.info\/wp-content\/uploads\/2014\/09\/IMG_3584-400.jpg 400w, https:\/\/mallorca-fotos.info\/wp-content\/uploads\/2014\/09\/IMG_3584-400-150x150.jpg 150w, https:\/\/mallorca-fotos.info\/wp-content\/uploads\/2014\/09\/IMG_3584-400-300x300.jpg 300w\" sizes=\"(max-width: 400px) 100vw, 400px\" \/><\/a><strong>Jardines de Alfabia Teil 1<\/strong><\/h3>\n<p>Die Gartenanlage von Alfabia vereinigt eine Vielzahl von Stilen zu einer auf Mallorca einzigartigen Kulturlandschaft innerhalb eines \u00fcberschaubaren Areals. Die Urspr\u00fcnge des Landgutes liegen bereits in der Zeit der muselmanischen Herrschaft \u00fcber Mallorca, die erst 1229 mit der R\u00fcckeroberung der Inseln durch den Potentaten Jaume I. von Aragonien und Katalonien endete. Im 18. Jahrhundert kam die Pergola mit den Wasserspielen im n\u00f6rdlichen Teil des Gartens hinzu. Mitte des 19. Jahrhunderts lie\u00df man anl\u00e4sslich eines Besuchs von K\u00f6nigin Isabel II. die hinter dem Hauptgeb\u00e4ude befindlichen Abschnitte nach dem Vorbild einer englischen Gartenlandschaft mit Laubb\u00e4umen und einem Seerosenteich umbauen. Auch eine ganze Reihe unter Naturschutz stehender und endemischer Pflanzen ist auf dem gut eineinhalb Hektar gro\u00dfen Gel\u00e4nde zu finden, das besichtigt werden kann. Aber auch Teile des Haupthauses und die Nebengeb\u00e4ude \u00f6ffnen sich dem Publikum. So kann man neben dem Blick in Bibliotheken und Empfangsr\u00e4ume auch die Technik der alten tafonas und ihrer neueren Dampfbetriebenen Olivenpressen erforschen, in die ehemaligen Viehst\u00e4lle hinabsteigen oder einen Moment vor der vergleichsweise unscheinbaren Kapelle verharren. Besonders sch\u00f6n ist der Besuch der Jardines de Alfabia am Morgen, wenn gegen 9:30 die Tore ge\u00f6ffnet werden und der uralte Garten zu neuem Leben erwacht.<br \/>\nBesuchszeiten: Von 1. April \u2013 31. Okt.: Mo-Sa von 9.30 bis 18.30 Uhr. Nov. \u2013 M\u00e4rz: Mo-Fr von 9.30 bis 17.30 Uhr, Sa 9.30 bis 13 Uhr<\/p>\n<style id=\"bwg-style-0\">    #bwg_container1_0 #bwg_container2_0 .bwg-container-0.bwg-standard-thumbnails {      width: 1129px;              justify-content: center;        margin:0 auto !important;              background-color: rgba(255, 255, 255, 0.00);            padding-left: 4px;      padding-top: 4px;      max-width: 100%;            }        #bwg_container1_0 #bwg_container2_0 .bwg-container-0.bwg-standard-thumbnails .bwg-item {    justify-content: flex-start;      max-width: 225px;            width: 225px !important;          }    #bwg_container1_0 #bwg_container2_0 .bwg-container-0.bwg-standard-thumbnails .bwg-item a {       margin-right: 4px;       margin-bottom: 4px;    }    #bwg_container1_0 #bwg_container2_0 .bwg-container-0.bwg-standard-thumbnails .bwg-item0 {      padding: 0px;            background-color:rgba(255,255,255, 0.30);      border: 0px none #CCCCCC;      opacity: 1.00;      border-radius: 0;      box-shadow: 0px 0px 0px #888888;    }    #bwg_container1_0 #bwg_container2_0 .bwg-container-0.bwg-standard-thumbnails .bwg-item1 img {      max-height: none;      max-width: none;      padding: 0 !important;    }        @media only screen and (min-width: 480px) {      #bwg_container1_0 #bwg_container2_0 .bwg-container-0.bwg-standard-thumbnails .bwg-item0 {        transition: all 0.3s ease 0s;-webkit-transition: all 0.3s ease 0s;      }      #bwg_container1_0 #bwg_container2_0 .bwg-container-0.bwg-standard-thumbnails .bwg-item0:hover {        -ms-transform: scale(1.1);        -webkit-transform: scale(1.1);        transform: scale(1.1);      }    }          #bwg_container1_0 #bwg_container2_0 .bwg-container-0.bwg-standard-thumbnails .bwg-item1 {      padding-top: 71.111111111111%;    }        #bwg_container1_0 #bwg_container2_0 .bwg-container-0.bwg-standard-thumbnails .bwg-title2,    #bwg_container1_0 #bwg_container2_0 .bwg-container-0.bwg-standard-thumbnails .bwg-ecommerce2 {      color: #CCCCCC;      font-family: segoe ui;      font-size: 16px;      font-weight: bold;      padding: 2px;      text-shadow: 0px 0px 0px #888888;      max-height: 100%;    }    #bwg_container1_0 #bwg_container2_0 .bwg-container-0.bwg-standard-thumbnails .bwg-thumb-description span {    color: #323A45;    font-family: Ubuntu;    font-size: 12px;    max-height: 100%;    word-wrap: break-word;    }    #bwg_container1_0 #bwg_container2_0 .bwg-container-0.bwg-standard-thumbnails .bwg-play-icon2 {      font-size: 32px;    }    #bwg_container1_0 #bwg_container2_0 .bwg-container-0.bwg-standard-thumbnails .bwg-ecommerce2 {      font-size: 19.2px;      color: #CCCCCC;    }    <\/style>    <div id=\"bwg_container1_0\"         class=\"bwg_container bwg_thumbnail bwg_thumbnails \"         data-right-click-protection=\"0\"         data-bwg=\"0\"         data-scroll=\"0\"         data-gallery-type=\"thumbnails\"         data-gallery-view-type=\"thumbnails\"         data-current-url=\"\/index.php?rest_route=%2Fwp%2Fv2%2Fposts%2F610\"         data-lightbox-url=\"https:\/\/mallorca-fotos.info\/wp-admin\/admin-ajax.php?action=GalleryBox&#038;current_view=0&#038;gallery_id=64&#038;tag=0&#038;theme_id=1&#038;shortcode_id=0&#038;sort_by=order&#038;order_by=asc&#038;current_url=%2Findex.php%3Frest_route%3D%252Fwp%252Fv2%252Fposts%252F610\"         data-gallery-id=\"64\"         data-popup-width=\"800\"         data-popup-height=\"500\"         data-is-album=\"gallery\"         data-buttons-position=\"bottom\">      <div id=\"bwg_container2_0\">             <div id=\"ajax_loading_0\" class=\"bwg_loading_div_1\">      <div class=\"bwg_loading_div_2\">        <div class=\"bwg_loading_div_3\">          <div id=\"loading_div_0\" class=\"bwg_spider_ajax_loading\">          <\/div>        <\/div>      <\/div>    <\/div>            <form id=\"gal_front_form_0\"              class=\"bwg-hidden\"              method=\"post\"              action=\"#\"              data-current=\"0\"              data-shortcode-id=\"0\"              data-gallery-type=\"thumbnails\"              data-gallery-id=\"64\"              data-tag=\"0\"              data-album-id=\"0\"              data-theme-id=\"1\"              data-ajax-url=\"https:\/\/mallorca-fotos.info\/wp-admin\/admin-ajax.php?action=bwg_frontend_data\">          <div id=\"bwg_container3_0\" class=\"bwg-background bwg-background-0\">                <div data-max-count=\"5\"         data-thumbnail-width=\"225\"         data-bwg=\"0\"         data-gallery-id=\"64\"         data-lightbox-url=\"https:\/\/mallorca-fotos.info\/wp-admin\/admin-ajax.php?action=GalleryBox&amp;current_view=0&amp;gallery_id=64&amp;tag=0&amp;theme_id=1&amp;shortcode_id=0&amp;sort_by=order&amp;order_by=asc&amp;current_url=%2Findex.php%3Frest_route%3D%252Fwp%252Fv2%252Fposts%252F610\"         id=\"bwg_thumbnails_0\"         class=\"bwg-container-0 bwg-thumbnails bwg-standard-thumbnails bwg-container bwg-border-box\">            <div class=\"bwg-item\">        <a class=\"bwg-a \"  data-elementor-open-lightbox=\"no\">                <div class=\"bwg-item0 \">          <div class=\"bwg-item1 \">            <div class=\"bwg-item2\">              <img class=\"skip-lazy bwg_standart_thumb_img_0 \"                   data-id=\"867\"                   data-width=\"\"                   data-height=\"\"                   data-src=\"https:\/\/mallorca-fotos.info\/wp-content\/uploads\/photo-gallery\/thumb\/IMG_3584.jpg\"                   src=\"https:\/\/mallorca-fotos.info\/wp-content\/uploads\/photo-gallery\/thumb\/IMG_3584.jpg\"                   alt=\"IMG_3584\"                   title=\"IMG_3584\" \/>            <\/div>            <div class=\"\">                                                      <\/div>          <\/div>        <\/div>                        <\/a>              <\/div>            <div class=\"bwg-item\">        <a class=\"bwg-a \"  data-elementor-open-lightbox=\"no\">                <div class=\"bwg-item0 \">          <div class=\"bwg-item1 \">            <div class=\"bwg-item2\">              <img class=\"skip-lazy bwg_standart_thumb_img_0 \"                   data-id=\"868\"                   data-width=\"\"                   data-height=\"\"                   data-src=\"https:\/\/mallorca-fotos.info\/wp-content\/uploads\/photo-gallery\/thumb\/IMG_3586.jpg\"                   src=\"https:\/\/mallorca-fotos.info\/wp-content\/uploads\/photo-gallery\/thumb\/IMG_3586.jpg\"                   alt=\"IMG_3586\"                   title=\"IMG_3586\" \/>            <\/div>            <div class=\"\">                                                      <\/div>          <\/div>        <\/div>                        <\/a>              <\/div>            <div class=\"bwg-item\">        <a class=\"bwg-a \"  data-elementor-open-lightbox=\"no\">                <div class=\"bwg-item0 \">          <div class=\"bwg-item1 \">            <div class=\"bwg-item2\">              <img class=\"skip-lazy bwg_standart_thumb_img_0 \"                   data-id=\"866\"                   data-width=\"\"                   data-height=\"\"                   data-src=\"https:\/\/mallorca-fotos.info\/wp-content\/uploads\/photo-gallery\/thumb\/IMG_3579.jpg\"                   src=\"https:\/\/mallorca-fotos.info\/wp-content\/uploads\/photo-gallery\/thumb\/IMG_3579.jpg\"                   alt=\"IMG_3579\"                   title=\"IMG_3579\" \/>            <\/div>            <div class=\"\">                                                      <\/div>          <\/div>        <\/div>                        <\/a>              <\/div>            <div class=\"bwg-item\">        <a class=\"bwg-a \"  data-elementor-open-lightbox=\"no\">                <div class=\"bwg-item0 \">          <div class=\"bwg-item1 \">            <div class=\"bwg-item2\">              <img class=\"skip-lazy bwg_standart_thumb_img_0 \"                   data-id=\"869\"                   data-width=\"\"                   data-height=\"\"                   data-src=\"https:\/\/mallorca-fotos.info\/wp-content\/uploads\/photo-gallery\/thumb\/IMG_3588.jpg\"                   src=\"https:\/\/mallorca-fotos.info\/wp-content\/uploads\/photo-gallery\/thumb\/IMG_3588.jpg\"                   alt=\"IMG_3588\"                   title=\"IMG_3588\" \/>            <\/div>            <div class=\"\">                                                      <\/div>          <\/div>        <\/div>                        <\/a>              <\/div>            <div class=\"bwg-item\">        <a class=\"bwg-a \"  data-elementor-open-lightbox=\"no\">                <div class=\"bwg-item0 \">          <div class=\"bwg-item1 \">            <div class=\"bwg-item2\">              <img class=\"skip-lazy bwg_standart_thumb_img_0 \"                   data-id=\"883\"                   data-width=\"\"                   data-height=\"\"                   data-src=\"https:\/\/mallorca-fotos.info\/wp-content\/uploads\/photo-gallery\/thumb\/IMG_3649.jpg\"                   src=\"https:\/\/mallorca-fotos.info\/wp-content\/uploads\/photo-gallery\/thumb\/IMG_3649.jpg\"                   alt=\"IMG_3649\"                   title=\"IMG_3649\" \/>            <\/div>            <div class=\"\">                                                      <\/div>          <\/div>        <\/div>                        <\/a>              <\/div>            <div class=\"bwg-item\">        <a class=\"bwg-a \"  data-elementor-open-lightbox=\"no\">                <div class=\"bwg-item0 \">          <div class=\"bwg-item1 \">            <div class=\"bwg-item2\">              <img class=\"skip-lazy bwg_standart_thumb_img_0 \"                   data-id=\"882\"                   data-width=\"\"                   data-height=\"\"                   data-src=\"https:\/\/mallorca-fotos.info\/wp-content\/uploads\/photo-gallery\/thumb\/IMG_3646.jpg\"                   src=\"https:\/\/mallorca-fotos.info\/wp-content\/uploads\/photo-gallery\/thumb\/IMG_3646.jpg\"                   alt=\"IMG_3646\"                   title=\"IMG_3646\" \/>            <\/div>            <div class=\"\">                                                      <\/div>          <\/div>        <\/div>                        <\/a>              <\/div>            <div class=\"bwg-item\">        <a class=\"bwg-a \"  data-elementor-open-lightbox=\"no\">                <div class=\"bwg-item0 \">          <div class=\"bwg-item1 \">            <div class=\"bwg-item2\">              <img class=\"skip-lazy bwg_standart_thumb_img_0 \"                   data-id=\"881\"                   data-width=\"\"                   data-height=\"\"                   data-src=\"https:\/\/mallorca-fotos.info\/wp-content\/uploads\/photo-gallery\/thumb\/IMG_3642.jpg\"                   src=\"https:\/\/mallorca-fotos.info\/wp-content\/uploads\/photo-gallery\/thumb\/IMG_3642.jpg\"                   alt=\"IMG_3642\"                   title=\"IMG_3642\" \/>            <\/div>            <div class=\"\">                                                      <\/div>          <\/div>        <\/div>                        <\/a>              <\/div>            <div class=\"bwg-item\">        <a class=\"bwg-a \"  data-elementor-open-lightbox=\"no\">                <div class=\"bwg-item0 \">          <div class=\"bwg-item1 \">            <div class=\"bwg-item2\">              <img class=\"skip-lazy bwg_standart_thumb_img_0 \"                   data-id=\"880\"                   data-width=\"\"                   data-height=\"\"                   data-src=\"https:\/\/mallorca-fotos.info\/wp-content\/uploads\/photo-gallery\/thumb\/IMG_3632.jpg\"                   src=\"https:\/\/mallorca-fotos.info\/wp-content\/uploads\/photo-gallery\/thumb\/IMG_3632.jpg\"                   alt=\"IMG_3632\"                   title=\"IMG_3632\" \/>            <\/div>            <div class=\"\">                                                      <\/div>          <\/div>        <\/div>                        <\/a>              <\/div>            <div class=\"bwg-item\">        <a class=\"bwg-a \"  data-elementor-open-lightbox=\"no\">                <div class=\"bwg-item0 \">          <div class=\"bwg-item1 \">            <div class=\"bwg-item2\">              <img class=\"skip-lazy bwg_standart_thumb_img_0 \"                   data-id=\"879\"                   data-width=\"\"                   data-height=\"\"                   data-src=\"https:\/\/mallorca-fotos.info\/wp-content\/uploads\/photo-gallery\/thumb\/IMG_3629.jpg\"                   src=\"https:\/\/mallorca-fotos.info\/wp-content\/uploads\/photo-gallery\/thumb\/IMG_3629.jpg\"                   alt=\"IMG_3629\"                   title=\"IMG_3629\" \/>            <\/div>            <div class=\"\">                                                      <\/div>          <\/div>        <\/div>                        <\/a>              <\/div>            <div class=\"bwg-item\">        <a class=\"bwg-a \"  data-elementor-open-lightbox=\"no\">                <div class=\"bwg-item0 \">          <div class=\"bwg-item1 \">            <div class=\"bwg-item2\">              <img class=\"skip-lazy bwg_standart_thumb_img_0 \"                   data-id=\"878\"                   data-width=\"\"                   data-height=\"\"                   data-src=\"https:\/\/mallorca-fotos.info\/wp-content\/uploads\/photo-gallery\/thumb\/IMG_3627.jpg\"                   src=\"https:\/\/mallorca-fotos.info\/wp-content\/uploads\/photo-gallery\/thumb\/IMG_3627.jpg\"                   alt=\"IMG_3627\"                   title=\"IMG_3627\" \/>            <\/div>            <div class=\"\">                                                      <\/div>          <\/div>        <\/div>                        <\/a>              <\/div>            <div class=\"bwg-item\">        <a class=\"bwg-a \"  data-elementor-open-lightbox=\"no\">                <div class=\"bwg-item0 \">          <div class=\"bwg-item1 \">            <div class=\"bwg-item2\">              <img class=\"skip-lazy bwg_standart_thumb_img_0 \"                   data-id=\"874\"                   data-width=\"\"                   data-height=\"\"                   data-src=\"https:\/\/mallorca-fotos.info\/wp-content\/uploads\/photo-gallery\/thumb\/IMG_3608.jpg\"                   src=\"https:\/\/mallorca-fotos.info\/wp-content\/uploads\/photo-gallery\/thumb\/IMG_3608.jpg\"                   alt=\"IMG_3608\"                   title=\"IMG_3608\" \/>            <\/div>            <div class=\"\">                                                      <\/div>          <\/div>        <\/div>                        <\/a>              <\/div>            <div class=\"bwg-item\">        <a class=\"bwg-a \"  data-elementor-open-lightbox=\"no\">                <div class=\"bwg-item0 \">          <div class=\"bwg-item1 \">            <div class=\"bwg-item2\">              <img class=\"skip-lazy bwg_standart_thumb_img_0 \"                   data-id=\"875\"                   data-width=\"\"                   data-height=\"\"                   data-src=\"https:\/\/mallorca-fotos.info\/wp-content\/uploads\/photo-gallery\/thumb\/IMG_3611.jpg\"                   src=\"https:\/\/mallorca-fotos.info\/wp-content\/uploads\/photo-gallery\/thumb\/IMG_3611.jpg\"                   alt=\"IMG_3611\"                   title=\"IMG_3611\" \/>            <\/div>            <div class=\"\">                                                      <\/div>          <\/div>        <\/div>                        <\/a>              <\/div>            <div class=\"bwg-item\">        <a class=\"bwg-a \"  data-elementor-open-lightbox=\"no\">                <div class=\"bwg-item0 \">          <div class=\"bwg-item1 \">            <div class=\"bwg-item2\">              <img class=\"skip-lazy bwg_standart_thumb_img_0 \"                   data-id=\"871\"                   data-width=\"\"                   data-height=\"\"                   data-src=\"https:\/\/mallorca-fotos.info\/wp-content\/uploads\/photo-gallery\/thumb\/IMG_3598.jpg\"                   src=\"https:\/\/mallorca-fotos.info\/wp-content\/uploads\/photo-gallery\/thumb\/IMG_3598.jpg\"                   alt=\"IMG_3598\"                   title=\"IMG_3598\" \/>            <\/div>            <div class=\"\">                                                      <\/div>          <\/div>        <\/div>                        <\/a>              <\/div>            <div class=\"bwg-item\">        <a class=\"bwg-a \"  data-elementor-open-lightbox=\"no\">                <div class=\"bwg-item0 \">          <div class=\"bwg-item1 \">            <div class=\"bwg-item2\">              <img class=\"skip-lazy bwg_standart_thumb_img_0 \"                   data-id=\"877\"                   data-width=\"\"                   data-height=\"\"                   data-src=\"https:\/\/mallorca-fotos.info\/wp-content\/uploads\/photo-gallery\/thumb\/IMG_3622.jpg\"                   src=\"https:\/\/mallorca-fotos.info\/wp-content\/uploads\/photo-gallery\/thumb\/IMG_3622.jpg\"                   alt=\"IMG_3622\"                   title=\"IMG_3622\" \/>            <\/div>            <div class=\"\">                                                      <\/div>          <\/div>        <\/div>                        <\/a>              <\/div>            <div class=\"bwg-item\">        <a class=\"bwg-a \"  data-elementor-open-lightbox=\"no\">                <div class=\"bwg-item0 \">          <div class=\"bwg-item1 \">            <div class=\"bwg-item2\">              <img class=\"skip-lazy bwg_standart_thumb_img_0 \"                   data-id=\"876\"                   data-width=\"\"                   data-height=\"\"                   data-src=\"https:\/\/mallorca-fotos.info\/wp-content\/uploads\/photo-gallery\/thumb\/IMG_3619.jpg\"                   src=\"https:\/\/mallorca-fotos.info\/wp-content\/uploads\/photo-gallery\/thumb\/IMG_3619.jpg\"                   alt=\"IMG_3619\"                   title=\"IMG_3619\" \/>            <\/div>            <div class=\"\">                                                      <\/div>          <\/div>        <\/div>                        <\/a>              <\/div>            <div class=\"bwg-item\">        <a class=\"bwg-a \"  data-elementor-open-lightbox=\"no\">                <div class=\"bwg-item0 \">          <div class=\"bwg-item1 \">            <div class=\"bwg-item2\">              <img class=\"skip-lazy bwg_standart_thumb_img_0 \"                   data-id=\"873\"                   data-width=\"\"                   data-height=\"\"                   data-src=\"https:\/\/mallorca-fotos.info\/wp-content\/uploads\/photo-gallery\/thumb\/IMG_3602.jpg\"                   src=\"https:\/\/mallorca-fotos.info\/wp-content\/uploads\/photo-gallery\/thumb\/IMG_3602.jpg\"                   alt=\"IMG_3602\"                   title=\"IMG_3602\" \/>            <\/div>            <div class=\"\">                                                      <\/div>          <\/div>        <\/div>                        <\/a>              <\/div>            <div class=\"bwg-item\">        <a class=\"bwg-a \"  data-elementor-open-lightbox=\"no\">                <div class=\"bwg-item0 \">          <div class=\"bwg-item1 \">            <div class=\"bwg-item2\">              <img class=\"skip-lazy bwg_standart_thumb_img_0 \"                   data-id=\"872\"                   data-width=\"\"                   data-height=\"\"                   data-src=\"https:\/\/mallorca-fotos.info\/wp-content\/uploads\/photo-gallery\/thumb\/IMG_3600.jpg\"                   src=\"https:\/\/mallorca-fotos.info\/wp-content\/uploads\/photo-gallery\/thumb\/IMG_3600.jpg\"                   alt=\"IMG_3600\"                   title=\"IMG_3600\" \/>            <\/div>            <div class=\"\">                                                      <\/div>          <\/div>        <\/div>                        <\/a>              <\/div>            <div class=\"bwg-item\">        <a class=\"bwg-a \"  data-elementor-open-lightbox=\"no\">                <div class=\"bwg-item0 \">          <div class=\"bwg-item1 \">            <div class=\"bwg-item2\">              <img class=\"skip-lazy bwg_standart_thumb_img_0 \"                   data-id=\"870\"                   data-width=\"\"                   data-height=\"\"                   data-src=\"https:\/\/mallorca-fotos.info\/wp-content\/uploads\/photo-gallery\/thumb\/IMG_3596.jpg\"                   src=\"https:\/\/mallorca-fotos.info\/wp-content\/uploads\/photo-gallery\/thumb\/IMG_3596.jpg\"                   alt=\"IMG_3596\"                   title=\"IMG_3596\" \/>            <\/div>            <div class=\"\">                                                      <\/div>          <\/div>        <\/div>                        <\/a>              <\/div>          <\/div>    <style>      \/*pagination styles*\/      #bwg_container1_0 #bwg_container2_0 .tablenav-pages_0 {\t\t\t\ttext-align: center;\t\t\t\tfont-size: 12px;\t\t\t\tfont-family: segoe ui;\t\t\t\tfont-weight: bold;\t\t\t\tcolor: #666666;\t\t\t\tmargin: 6px 0 4px;\t\t\t\tdisplay: block;      }      @media only screen and (max-width : 320px) {      #bwg_container1_0 #bwg_container2_0 .displaying-num_0 {     \t display: none;      }      }      #bwg_container1_0 #bwg_container2_0 .displaying-num_0 {\t\t\t\tfont-size: 12px;\t\t\t\tfont-family: segoe ui;\t\t\t\tfont-weight: bold;\t\t\t\tcolor: #666666;\t\t\t\tmargin-right: 10px;\t\t\t\tvertical-align: middle;      }      #bwg_container1_0 #bwg_container2_0 .paging-input_0 {\t\t\t\tfont-size: 12px;\t\t\t\tfont-family: segoe ui;\t\t\t\tfont-weight: bold;\t\t\t\tcolor: #666666;\t\t\t\tvertical-align: middle;      }      #bwg_container1_0 #bwg_container2_0 .tablenav-pages_0 a.disabled,      #bwg_container1_0 #bwg_container2_0 .tablenav-pages_0 a.disabled:hover,      #bwg_container1_0 #bwg_container2_0 .tablenav-pages_0 a.disabled:focus,\t\t\t#bwg_container1_0 #bwg_container2_0 .tablenav-pages_0 input.bwg_current_page {\t\t\t\tcursor: default;\t\t\t\tcolor: rgba(102, 102, 102, 0.5);      }      #bwg_container1_0 #bwg_container2_0 .tablenav-pages_0 a,      #bwg_container1_0 #bwg_container2_0 .tablenav-pages_0 input.bwg_current_page {\t\t\t\tcursor: pointer;\t\t\t\ttext-align: center;\t\t\t\tfont-size: 12px;\t\t\t\tfont-family: segoe ui;\t\t\t\tfont-weight: bold;\t\t\t\tcolor: #666666;\t\t\t\ttext-decoration: none;\t\t\t\tpadding: 3px 6px;\t\t\t\tmargin: 0;\t\t\t\tborder-radius: 0;\t\t\t\tborder-style: solid;\t\t\t\tborder-width: 1px;\t\t\t\tborder-color: #E3E3E3;\t\t\t\t\t\t\t\tbackground-color: rgba(255, 255, 255, 1.00);\t\t\t\tbox-shadow: 0;\t\t\t\ttransition: all 0.3s ease 0s;-webkit-transition: all 0.3s ease 0s;      }      <\/style>      <span class=\"bwg_nav_cont_0\">              <div class=\"tablenav-pages_0\">                  <\/div>                <input type=\"hidden\" id=\"page_number_0\" name=\"page_number_0\" value=\"1\" \/>      <script type=\"text\/javascript\">        if( jQuery('.bwg_nav_cont_0').length > 1 ) {          jQuery('.bwg_nav_cont_0').first().remove()        }        function spider_page_0(cur, x, y, load_more) {          if (typeof load_more == \"undefined\") {            var load_more = false;          }          if (jQuery(cur).hasClass('disabled')) {            return false;          }          var items_county_0 = 1;          switch (y) {            case 1:              if (x >= items_county_0) {                document.getElementById('page_number_0').value = items_county_0;              }              else {                document.getElementById('page_number_0').value = x + 1;              }              break;            case 2:              document.getElementById('page_number_0').value = items_county_0;              break;            case -1:              if (x == 1) {                document.getElementById('page_number_0').value = 1;              }              else {                document.getElementById('page_number_0').value = x - 1;              }              break;            case -2:              document.getElementById('page_number_0').value = 1;              break;\t\t\t\t\t\tcase 0:              document.getElementById('page_number_0').value = x;              break;            default:              document.getElementById('page_number_0').value = 1;          }          bwg_ajax('gal_front_form_0', '0', 'bwg_thumbnails_0', '0', '', 'gallery', 0, '', '', load_more, '', 1);        }                    jQuery('.first-page-0').on('click', function () {              spider_page_0(this, 1, -2, 'numeric');              return false;            });            jQuery('.prev-page-0').on('click', function () {              spider_page_0(this, 1, -1, 'numeric');              return false;            });            jQuery('.next-page-0').on('click', function () {              spider_page_0(this, 1, 1, 'numeric');              return false;            });            jQuery('.last-page-0').on('click', function () {              spider_page_0(this, 1, 2, 'numeric');              return false;            });        \t\t\t\t\/* Change page on input enter. *\/        function bwg_change_page_0( e, that ) {          if (  e.key == 'Enter' ) {            var to_page = parseInt(jQuery(that).val());            var pages_count = jQuery(that).parents(\".pagination-links\").data(\"pages-count\");            var current_url_param = jQuery(that).attr('data-url-info');            if (to_page > pages_count) {              to_page = 1;            }\t \t\t\t\t\t\t\t\t\t\t\t\tspider_page_0(this, to_page, 0, 'numeric');\t\t\t\t\t\t\treturn false;\t\t\t\t\t\t          }          return true;        }        jQuery('.bwg_load_btn_0').on('click', function () {            spider_page_0(this, 1, 1, true);            return false;        });      <\/script>      <\/span>                <\/div>        <\/form>              <\/div>    <\/div>    <script>      if (document.readyState === 'complete') {        if( typeof bwg_main_ready == 'function' ) {          if ( jQuery(\"#bwg_container1_0\").height() ) {            bwg_main_ready(jQuery(\"#bwg_container1_0\"));          }        }      } else {        document.addEventListener('DOMContentLoaded', function() {          if( typeof bwg_main_ready == 'function' ) {            if ( jQuery(\"#bwg_container1_0\").height() ) {             bwg_main_ready(jQuery(\"#bwg_container1_0\"));            }          }        });      }    <\/script>    \n","protected":false},"excerpt":{"rendered":"<p>Jardines de Alfabia Teil 1 Die Gartenanlage von Alfabia vereinigt eine Vielzahl von Stilen zu einer auf Mallorca einzigartigen Kulturlandschaft innerhalb eines \u00fcberschaubaren Areals. Die Urspr\u00fcnge des Landgutes liegen bereits in der Zeit der muselmanischen Herrschaft \u00fcber Mallorca, die erst 1229 mit der R\u00fcckeroberung der Inseln durch den Potentaten Jaume I. von Aragonien und Katalonien [&hellip;]<\/p>\n","protected":false},"author":1,"featured_media":0,"comment_status":"closed","ping_status":"closed","sticky":false,"template":"","format":"standard","meta":{"footnotes":""},"categories":[12,8],"tags":[],"jetpack_featured_media_url":"","_links":{"self":[{"href":"https:\/\/mallorca-fotos.info\/index.php?rest_route=\/wp\/v2\/posts\/610"}],"collection":[{"href":"https:\/\/mallorca-fotos.info\/index.php?rest_route=\/wp\/v2\/posts"}],"about":[{"href":"https:\/\/mallorca-fotos.info\/index.php?rest_route=\/wp\/v2\/types\/post"}],"author":[{"embeddable":true,"href":"https:\/\/mallorca-fotos.info\/index.php?rest_route=\/wp\/v2\/users\/1"}],"replies":[{"embeddable":true,"href":"https:\/\/mallorca-fotos.info\/index.php?rest_route=%2Fwp%2Fv2%2Fcomments&post=610"}],"version-history":[{"count":6,"href":"https:\/\/mallorca-fotos.info\/index.php?rest_route=\/wp\/v2\/posts\/610\/revisions"}],"predecessor-version":[{"id":663,"href":"https:\/\/mallorca-fotos.info\/index.php?rest_route=\/wp\/v2\/posts\/610\/revisions\/663"}],"wp:attachment":[{"href":"https:\/\/mallorca-fotos.info\/index.php?rest_route=%2Fwp%2Fv2%2Fmedia&parent=610"}],"wp:term":[{"taxonomy":"category","embeddable":true,"href":"https:\/\/mallorca-fotos.info\/index.php?rest_route=%2Fwp%2Fv2%2Fcategories&post=610"},{"taxonomy":"post_tag","embeddable":true,"href":"https:\/\/mallorca-fotos.info\/index.php?rest_route=%2Fwp%2Fv2%2Ftags&post=610"}],"curies":[{"name":"wp","href":"https:\/\/api.w.org\/{rel}","templated":true}]}}