{"id":596,"date":"2014-09-02T12:51:59","date_gmt":"2014-09-02T10:51:59","guid":{"rendered":"http:\/\/mallorca-fotos.info\/?p=596"},"modified":"2019-01-08T16:46:22","modified_gmt":"2019-01-08T14:46:22","slug":"el-molinar","status":"publish","type":"post","link":"https:\/\/mallorca-fotos.info\/?p=596","title":{"rendered":"Mallorca &#8211; El Molinar"},"content":{"rendered":"<h3><a href=\"http:\/\/mallorca-fotos.info\/wp-content\/uploads\/2014\/09\/IMG_4183-400.jpg\"><img decoding=\"async\" loading=\"lazy\" class=\"alignleft size-full wp-image-590\" src=\"http:\/\/mallorca-fotos.info\/wp-content\/uploads\/2014\/09\/IMG_4183-400.jpg\" alt=\"IMG_4183 400\" width=\"400\" height=\"400\" srcset=\"https:\/\/mallorca-fotos.info\/wp-content\/uploads\/2014\/09\/IMG_4183-400.jpg 400w, https:\/\/mallorca-fotos.info\/wp-content\/uploads\/2014\/09\/IMG_4183-400-150x150.jpg 150w, https:\/\/mallorca-fotos.info\/wp-content\/uploads\/2014\/09\/IMG_4183-400-300x300.jpg 300w\" sizes=\"(max-width: 400px) 100vw, 400px\" \/><\/a>Palma-Vorort El Molinar<\/h3>\n<p>Rund vier Kilometer \u00f6stlich von Palma liegt ein weiterer Vorort der Metropole am Meer. El Molinar ging urspr\u00fcnglich aus dem Fischerviertel von Portixol hervor. Sp\u00e4ter siedelten sich mehrere M\u00fchlen an der besonders im Fr\u00fchjahr und Herbst vom Wind gepeitschten K\u00fcstenlinie hervor. Erst mit dem Beginn des \u00a020. Jahrhunderts wichen die M\u00fchlbetriebe den neu errichteten Gas- und Elektrizit\u00e4tswerken und damit einem zunehmenden Zustrom von Einwanderern vor allem aus dem S\u00fcden Spaniens. Heute entwickelt sich vornehmlich die erste Linie direkt hinter dem befestigten Wall am Meer zu einem exklusiven Wohnviertel, in dem Investoren aus allen europ\u00e4ischen L\u00e4ndern und wohlhabende Einheimische ein neues Zuhause finden. Bekannt ist El Molinar vor allem f\u00fcr seine Promenade, die auf dem Scheitel des Walls die gesamte K\u00fcstenlinie begleitet. Im Club Martitmo El Molinar mit seinem angeschlossen kleinen Yacht- und Fischerhafen kann man eine gute Paella probieren. Eine\u00a0 Erweiterung des Yachthafens ist allerdings f\u00fcr 2018 geplant. C\/ Vicari Joaquim Fuster, 2, Tel.\u00a0\u00a0971 24 94 60<\/p>\n<style id=\"bwg-style-0\">    #bwg_container1_0 #bwg_container2_0 .bwg-container-0.bwg-standard-thumbnails {      width: 1129px;              justify-content: center;        margin:0 auto !important;              background-color: rgba(255, 255, 255, 0.00);            padding-left: 4px;      padding-top: 4px;      max-width: 100%;            }        #bwg_container1_0 #bwg_container2_0 .bwg-container-0.bwg-standard-thumbnails .bwg-item {    justify-content: flex-start;      max-width: 225px;            width: 225px !important;          }    #bwg_container1_0 #bwg_container2_0 .bwg-container-0.bwg-standard-thumbnails .bwg-item a {       margin-right: 4px;       margin-bottom: 4px;    }    #bwg_container1_0 #bwg_container2_0 .bwg-container-0.bwg-standard-thumbnails .bwg-item0 {      padding: 0px;            background-color:rgba(255,255,255, 0.30);      border: 0px none #CCCCCC;      opacity: 1.00;      border-radius: 0;      box-shadow: 0px 0px 0px #888888;    }    #bwg_container1_0 #bwg_container2_0 .bwg-container-0.bwg-standard-thumbnails .bwg-item1 img {      max-height: none;      max-width: none;      padding: 0 !important;    }        @media only screen and (min-width: 480px) {      #bwg_container1_0 #bwg_container2_0 .bwg-container-0.bwg-standard-thumbnails .bwg-item0 {        transition: all 0.3s ease 0s;-webkit-transition: all 0.3s ease 0s;      }      #bwg_container1_0 #bwg_container2_0 .bwg-container-0.bwg-standard-thumbnails .bwg-item0:hover {        -ms-transform: scale(1.1);        -webkit-transform: scale(1.1);        transform: scale(1.1);      }    }          #bwg_container1_0 #bwg_container2_0 .bwg-container-0.bwg-standard-thumbnails .bwg-item1 {      padding-top: 71.111111111111%;    }        #bwg_container1_0 #bwg_container2_0 .bwg-container-0.bwg-standard-thumbnails .bwg-title2,    #bwg_container1_0 #bwg_container2_0 .bwg-container-0.bwg-standard-thumbnails .bwg-ecommerce2 {      color: #CCCCCC;      font-family: segoe ui;      font-size: 16px;      font-weight: bold;      padding: 2px;      text-shadow: 0px 0px 0px #888888;      max-height: 100%;    }    #bwg_container1_0 #bwg_container2_0 .bwg-container-0.bwg-standard-thumbnails .bwg-thumb-description span {    color: #323A45;    font-family: Ubuntu;    font-size: 12px;    max-height: 100%;    word-wrap: break-word;    }    #bwg_container1_0 #bwg_container2_0 .bwg-container-0.bwg-standard-thumbnails .bwg-play-icon2 {      font-size: 32px;    }    #bwg_container1_0 #bwg_container2_0 .bwg-container-0.bwg-standard-thumbnails .bwg-ecommerce2 {      font-size: 19.2px;      color: #CCCCCC;    }    <\/style>    <div id=\"bwg_container1_0\"         class=\"bwg_container bwg_thumbnail bwg_thumbnails \"         data-right-click-protection=\"0\"         data-bwg=\"0\"         data-scroll=\"0\"         data-gallery-type=\"thumbnails\"         data-gallery-view-type=\"thumbnails\"         data-current-url=\"\/index.php?rest_route=%2Fwp%2Fv2%2Fposts%2F596\"         data-lightbox-url=\"https:\/\/mallorca-fotos.info\/wp-admin\/admin-ajax.php?action=GalleryBox&#038;current_view=0&#038;gallery_id=62&#038;tag=0&#038;theme_id=1&#038;shortcode_id=0&#038;sort_by=order&#038;order_by=asc&#038;current_url=%2Findex.php%3Frest_route%3D%252Fwp%252Fv2%252Fposts%252F596\"         data-gallery-id=\"62\"         data-popup-width=\"800\"         data-popup-height=\"500\"         data-is-album=\"gallery\"         data-buttons-position=\"bottom\">      <div id=\"bwg_container2_0\">             <div id=\"ajax_loading_0\" class=\"bwg_loading_div_1\">      <div class=\"bwg_loading_div_2\">        <div class=\"bwg_loading_div_3\">          <div id=\"loading_div_0\" class=\"bwg_spider_ajax_loading\">          <\/div>        <\/div>      <\/div>    <\/div>            <form id=\"gal_front_form_0\"              class=\"bwg-hidden\"              method=\"post\"              action=\"#\"              data-current=\"0\"              data-shortcode-id=\"0\"              data-gallery-type=\"thumbnails\"              data-gallery-id=\"62\"              data-tag=\"0\"              data-album-id=\"0\"              data-theme-id=\"1\"              data-ajax-url=\"https:\/\/mallorca-fotos.info\/wp-admin\/admin-ajax.php?action=bwg_frontend_data\">          <div id=\"bwg_container3_0\" class=\"bwg-background bwg-background-0\">                <div data-max-count=\"5\"         data-thumbnail-width=\"225\"         data-bwg=\"0\"         data-gallery-id=\"62\"         data-lightbox-url=\"https:\/\/mallorca-fotos.info\/wp-admin\/admin-ajax.php?action=GalleryBox&amp;current_view=0&amp;gallery_id=62&amp;tag=0&amp;theme_id=1&amp;shortcode_id=0&amp;sort_by=order&amp;order_by=asc&amp;current_url=%2Findex.php%3Frest_route%3D%252Fwp%252Fv2%252Fposts%252F596\"         id=\"bwg_thumbnails_0\"         class=\"bwg-container-0 bwg-thumbnails bwg-standard-thumbnails bwg-container bwg-border-box\">            <div class=\"bwg-item\">        <a class=\"bwg-a \"  data-elementor-open-lightbox=\"no\">                <div class=\"bwg-item0 \">          <div class=\"bwg-item1 \">            <div class=\"bwg-item2\">              <img class=\"skip-lazy bwg_standart_thumb_img_0 \"                   data-id=\"840\"                   data-width=\"\"                   data-height=\"\"                   data-src=\"https:\/\/mallorca-fotos.info\/wp-content\/uploads\/photo-gallery\/thumb\/IMG_4009.jpg\"                   src=\"https:\/\/mallorca-fotos.info\/wp-content\/uploads\/photo-gallery\/thumb\/IMG_4009.jpg\"                   alt=\"IMG_4009\"                   title=\"IMG_4009\" \/>            <\/div>            <div class=\"\">                                                      <\/div>          <\/div>        <\/div>                        <\/a>              <\/div>            <div class=\"bwg-item\">        <a class=\"bwg-a \"  data-elementor-open-lightbox=\"no\">                <div class=\"bwg-item0 \">          <div class=\"bwg-item1 \">            <div class=\"bwg-item2\">              <img class=\"skip-lazy bwg_standart_thumb_img_0 \"                   data-id=\"846\"                   data-width=\"\"                   data-height=\"\"                   data-src=\"https:\/\/mallorca-fotos.info\/wp-content\/uploads\/photo-gallery\/thumb\/IMG_4003.jpg\"                   src=\"https:\/\/mallorca-fotos.info\/wp-content\/uploads\/photo-gallery\/thumb\/IMG_4003.jpg\"                   alt=\"IMG_4003\"                   title=\"IMG_4003\" \/>            <\/div>            <div class=\"\">                                                      <\/div>          <\/div>        <\/div>                        <\/a>              <\/div>            <div class=\"bwg-item\">        <a class=\"bwg-a \"  data-elementor-open-lightbox=\"no\">                <div class=\"bwg-item0 \">          <div class=\"bwg-item1 \">            <div class=\"bwg-item2\">              <img class=\"skip-lazy bwg_standart_thumb_img_0 \"                   data-id=\"841\"                   data-width=\"\"                   data-height=\"\"                   data-src=\"https:\/\/mallorca-fotos.info\/wp-content\/uploads\/photo-gallery\/thumb\/IMG_4010.jpg\"                   src=\"https:\/\/mallorca-fotos.info\/wp-content\/uploads\/photo-gallery\/thumb\/IMG_4010.jpg\"                   alt=\"IMG_4010\"                   title=\"IMG_4010\" \/>            <\/div>            <div class=\"\">                                                      <\/div>          <\/div>        <\/div>                        <\/a>              <\/div>            <div class=\"bwg-item\">        <a class=\"bwg-a \"  data-elementor-open-lightbox=\"no\">                <div class=\"bwg-item0 \">          <div class=\"bwg-item1 \">            <div class=\"bwg-item2\">              <img class=\"skip-lazy bwg_standart_thumb_img_0 \"                   data-id=\"832\"                   data-width=\"\"                   data-height=\"\"                   data-src=\"https:\/\/mallorca-fotos.info\/wp-content\/uploads\/photo-gallery\/thumb\/IMG_4001.jpg\"                   src=\"https:\/\/mallorca-fotos.info\/wp-content\/uploads\/photo-gallery\/thumb\/IMG_4001.jpg\"                   alt=\"IMG_4001\"                   title=\"IMG_4001\" \/>            <\/div>            <div class=\"\">                                                      <\/div>          <\/div>        <\/div>                        <\/a>              <\/div>            <div class=\"bwg-item\">        <a class=\"bwg-a \"  data-elementor-open-lightbox=\"no\">                <div class=\"bwg-item0 \">          <div class=\"bwg-item1 \">            <div class=\"bwg-item2\">              <img class=\"skip-lazy bwg_standart_thumb_img_0 \"                   data-id=\"845\"                   data-width=\"\"                   data-height=\"\"                   data-src=\"https:\/\/mallorca-fotos.info\/wp-content\/uploads\/photo-gallery\/thumb\/IMG_4004.jpg\"                   src=\"https:\/\/mallorca-fotos.info\/wp-content\/uploads\/photo-gallery\/thumb\/IMG_4004.jpg\"                   alt=\"IMG_4004\"                   title=\"IMG_4004\" \/>            <\/div>            <div class=\"\">                                                      <\/div>          <\/div>        <\/div>                        <\/a>              <\/div>            <div class=\"bwg-item\">        <a class=\"bwg-a \"  data-elementor-open-lightbox=\"no\">                <div class=\"bwg-item0 \">          <div class=\"bwg-item1 \">            <div class=\"bwg-item2\">              <img class=\"skip-lazy bwg_standart_thumb_img_0 \"                   data-id=\"844\"                   data-width=\"\"                   data-height=\"\"                   data-src=\"https:\/\/mallorca-fotos.info\/wp-content\/uploads\/photo-gallery\/thumb\/IMG_4016.jpg\"                   src=\"https:\/\/mallorca-fotos.info\/wp-content\/uploads\/photo-gallery\/thumb\/IMG_4016.jpg\"                   alt=\"IMG_4016\"                   title=\"IMG_4016\" \/>            <\/div>            <div class=\"\">                                                      <\/div>          <\/div>        <\/div>                        <\/a>              <\/div>            <div class=\"bwg-item\">        <a class=\"bwg-a \"  data-elementor-open-lightbox=\"no\">                <div class=\"bwg-item0 \">          <div class=\"bwg-item1 \">            <div class=\"bwg-item2\">              <img class=\"skip-lazy bwg_standart_thumb_img_0 \"                   data-id=\"843\"                   data-width=\"\"                   data-height=\"\"                   data-src=\"https:\/\/mallorca-fotos.info\/wp-content\/uploads\/photo-gallery\/thumb\/IMG_4015.jpg\"                   src=\"https:\/\/mallorca-fotos.info\/wp-content\/uploads\/photo-gallery\/thumb\/IMG_4015.jpg\"                   alt=\"IMG_4015\"                   title=\"IMG_4015\" \/>            <\/div>            <div class=\"\">                                                      <\/div>          <\/div>        <\/div>                        <\/a>              <\/div>            <div class=\"bwg-item\">        <a class=\"bwg-a \"  data-elementor-open-lightbox=\"no\">                <div class=\"bwg-item0 \">          <div class=\"bwg-item1 \">            <div class=\"bwg-item2\">              <img class=\"skip-lazy bwg_standart_thumb_img_0 \"                   data-id=\"842\"                   data-width=\"\"                   data-height=\"\"                   data-src=\"https:\/\/mallorca-fotos.info\/wp-content\/uploads\/photo-gallery\/thumb\/IMG_4013.jpg\"                   src=\"https:\/\/mallorca-fotos.info\/wp-content\/uploads\/photo-gallery\/thumb\/IMG_4013.jpg\"                   alt=\"IMG_4013\"                   title=\"IMG_4013\" \/>            <\/div>            <div class=\"\">                                                      <\/div>          <\/div>        <\/div>                        <\/a>              <\/div>            <div class=\"bwg-item\">        <a class=\"bwg-a \"  data-elementor-open-lightbox=\"no\">                <div class=\"bwg-item0 \">          <div class=\"bwg-item1 \">            <div class=\"bwg-item2\">              <img class=\"skip-lazy bwg_standart_thumb_img_0 \"                   data-id=\"839\"                   data-width=\"\"                   data-height=\"\"                   data-src=\"https:\/\/mallorca-fotos.info\/wp-content\/uploads\/photo-gallery\/thumb\/IMG_4007.jpg\"                   src=\"https:\/\/mallorca-fotos.info\/wp-content\/uploads\/photo-gallery\/thumb\/IMG_4007.jpg\"                   alt=\"IMG_4007\"                   title=\"IMG_4007\" \/>            <\/div>            <div class=\"\">                                                      <\/div>          <\/div>        <\/div>                        <\/a>              <\/div>            <div class=\"bwg-item\">        <a class=\"bwg-a \"  data-elementor-open-lightbox=\"no\">                <div class=\"bwg-item0 \">          <div class=\"bwg-item1 \">            <div class=\"bwg-item2\">              <img class=\"skip-lazy bwg_standart_thumb_img_0 \"                   data-id=\"838\"                   data-width=\"\"                   data-height=\"\"                   data-src=\"https:\/\/mallorca-fotos.info\/wp-content\/uploads\/photo-gallery\/thumb\/IMG_4017.jpg\"                   src=\"https:\/\/mallorca-fotos.info\/wp-content\/uploads\/photo-gallery\/thumb\/IMG_4017.jpg\"                   alt=\"IMG_4017\"                   title=\"IMG_4017\" \/>            <\/div>            <div class=\"\">                                                      <\/div>          <\/div>        <\/div>                        <\/a>              <\/div>            <div class=\"bwg-item\">        <a class=\"bwg-a \"  data-elementor-open-lightbox=\"no\">                <div class=\"bwg-item0 \">          <div class=\"bwg-item1 \">            <div class=\"bwg-item2\">              <img class=\"skip-lazy bwg_standart_thumb_img_0 \"                   data-id=\"837\"                   data-width=\"\"                   data-height=\"\"                   data-src=\"https:\/\/mallorca-fotos.info\/wp-content\/uploads\/photo-gallery\/thumb\/IMG_4018.jpg\"                   src=\"https:\/\/mallorca-fotos.info\/wp-content\/uploads\/photo-gallery\/thumb\/IMG_4018.jpg\"                   alt=\"IMG_4018\"                   title=\"IMG_4018\" \/>            <\/div>            <div class=\"\">                                                      <\/div>          <\/div>        <\/div>                        <\/a>              <\/div>            <div class=\"bwg-item\">        <a class=\"bwg-a \"  data-elementor-open-lightbox=\"no\">                <div class=\"bwg-item0 \">          <div class=\"bwg-item1 \">            <div class=\"bwg-item2\">              <img class=\"skip-lazy bwg_standart_thumb_img_0 \"                   data-id=\"836\"                   data-width=\"\"                   data-height=\"\"                   data-src=\"https:\/\/mallorca-fotos.info\/wp-content\/uploads\/photo-gallery\/thumb\/IMG_4020.jpg\"                   src=\"https:\/\/mallorca-fotos.info\/wp-content\/uploads\/photo-gallery\/thumb\/IMG_4020.jpg\"                   alt=\"IMG_4020\"                   title=\"IMG_4020\" \/>            <\/div>            <div class=\"\">                                                      <\/div>          <\/div>        <\/div>                        <\/a>              <\/div>            <div class=\"bwg-item\">        <a class=\"bwg-a \"  data-elementor-open-lightbox=\"no\">                <div class=\"bwg-item0 \">          <div class=\"bwg-item1 \">            <div class=\"bwg-item2\">              <img class=\"skip-lazy bwg_standart_thumb_img_0 \"                   data-id=\"835\"                   data-width=\"\"                   data-height=\"\"                   data-src=\"https:\/\/mallorca-fotos.info\/wp-content\/uploads\/photo-gallery\/thumb\/IMG_4021.jpg\"                   src=\"https:\/\/mallorca-fotos.info\/wp-content\/uploads\/photo-gallery\/thumb\/IMG_4021.jpg\"                   alt=\"IMG_4021\"                   title=\"IMG_4021\" \/>            <\/div>            <div class=\"\">                                                      <\/div>          <\/div>        <\/div>                        <\/a>              <\/div>            <div class=\"bwg-item\">        <a class=\"bwg-a \"  data-elementor-open-lightbox=\"no\">                <div class=\"bwg-item0 \">          <div class=\"bwg-item1 \">            <div class=\"bwg-item2\">              <img class=\"skip-lazy bwg_standart_thumb_img_0 \"                   data-id=\"834\"                   data-width=\"\"                   data-height=\"\"                   data-src=\"https:\/\/mallorca-fotos.info\/wp-content\/uploads\/photo-gallery\/thumb\/IMG_4022.jpg\"                   src=\"https:\/\/mallorca-fotos.info\/wp-content\/uploads\/photo-gallery\/thumb\/IMG_4022.jpg\"                   alt=\"IMG_4022\"                   title=\"IMG_4022\" \/>            <\/div>            <div class=\"\">                                                      <\/div>          <\/div>        <\/div>                        <\/a>              <\/div>            <div class=\"bwg-item\">        <a class=\"bwg-a \"  data-elementor-open-lightbox=\"no\">                <div class=\"bwg-item0 \">          <div class=\"bwg-item1 \">            <div class=\"bwg-item2\">              <img class=\"skip-lazy bwg_standart_thumb_img_0 \"                   data-id=\"833\"                   data-width=\"\"                   data-height=\"\"                   data-src=\"https:\/\/mallorca-fotos.info\/wp-content\/uploads\/photo-gallery\/thumb\/IMG_4023.jpg\"                   src=\"https:\/\/mallorca-fotos.info\/wp-content\/uploads\/photo-gallery\/thumb\/IMG_4023.jpg\"                   alt=\"IMG_4023\"                   title=\"IMG_4023\" \/>            <\/div>            <div class=\"\">                                                      <\/div>          <\/div>        <\/div>                        <\/a>              <\/div>          <\/div>    <style>      \/*pagination styles*\/      #bwg_container1_0 #bwg_container2_0 .tablenav-pages_0 {\t\t\t\ttext-align: center;\t\t\t\tfont-size: 12px;\t\t\t\tfont-family: segoe ui;\t\t\t\tfont-weight: bold;\t\t\t\tcolor: #666666;\t\t\t\tmargin: 6px 0 4px;\t\t\t\tdisplay: block;      }      @media only screen and (max-width : 320px) {      #bwg_container1_0 #bwg_container2_0 .displaying-num_0 {     \t display: none;      }      }      #bwg_container1_0 #bwg_container2_0 .displaying-num_0 {\t\t\t\tfont-size: 12px;\t\t\t\tfont-family: segoe ui;\t\t\t\tfont-weight: bold;\t\t\t\tcolor: #666666;\t\t\t\tmargin-right: 10px;\t\t\t\tvertical-align: middle;      }      #bwg_container1_0 #bwg_container2_0 .paging-input_0 {\t\t\t\tfont-size: 12px;\t\t\t\tfont-family: segoe ui;\t\t\t\tfont-weight: bold;\t\t\t\tcolor: #666666;\t\t\t\tvertical-align: middle;      }      #bwg_container1_0 #bwg_container2_0 .tablenav-pages_0 a.disabled,      #bwg_container1_0 #bwg_container2_0 .tablenav-pages_0 a.disabled:hover,      #bwg_container1_0 #bwg_container2_0 .tablenav-pages_0 a.disabled:focus,\t\t\t#bwg_container1_0 #bwg_container2_0 .tablenav-pages_0 input.bwg_current_page {\t\t\t\tcursor: default;\t\t\t\tcolor: rgba(102, 102, 102, 0.5);      }      #bwg_container1_0 #bwg_container2_0 .tablenav-pages_0 a,      #bwg_container1_0 #bwg_container2_0 .tablenav-pages_0 input.bwg_current_page {\t\t\t\tcursor: pointer;\t\t\t\ttext-align: center;\t\t\t\tfont-size: 12px;\t\t\t\tfont-family: segoe ui;\t\t\t\tfont-weight: bold;\t\t\t\tcolor: #666666;\t\t\t\ttext-decoration: none;\t\t\t\tpadding: 3px 6px;\t\t\t\tmargin: 0;\t\t\t\tborder-radius: 0;\t\t\t\tborder-style: solid;\t\t\t\tborder-width: 1px;\t\t\t\tborder-color: #E3E3E3;\t\t\t\t\t\t\t\tbackground-color: rgba(255, 255, 255, 1.00);\t\t\t\tbox-shadow: 0;\t\t\t\ttransition: all 0.3s ease 0s;-webkit-transition: all 0.3s ease 0s;      }      <\/style>      <span class=\"bwg_nav_cont_0\">              <div class=\"tablenav-pages_0\">                  <\/div>                <input type=\"hidden\" id=\"page_number_0\" name=\"page_number_0\" value=\"1\" \/>      <script type=\"text\/javascript\">        if( jQuery('.bwg_nav_cont_0').length > 1 ) {          jQuery('.bwg_nav_cont_0').first().remove()        }        function spider_page_0(cur, x, y, load_more) {          if (typeof load_more == \"undefined\") {            var load_more = false;          }          if (jQuery(cur).hasClass('disabled')) {            return false;          }          var items_county_0 = 1;          switch (y) {            case 1:              if (x >= items_county_0) {                document.getElementById('page_number_0').value = items_county_0;              }              else {                document.getElementById('page_number_0').value = x + 1;              }              break;            case 2:              document.getElementById('page_number_0').value = items_county_0;              break;            case -1:              if (x == 1) {                document.getElementById('page_number_0').value = 1;              }              else {                document.getElementById('page_number_0').value = x - 1;              }              break;            case -2:              document.getElementById('page_number_0').value = 1;              break;\t\t\t\t\t\tcase 0:              document.getElementById('page_number_0').value = x;              break;            default:              document.getElementById('page_number_0').value = 1;          }          bwg_ajax('gal_front_form_0', '0', 'bwg_thumbnails_0', '0', '', 'gallery', 0, '', '', load_more, '', 1);        }                    jQuery('.first-page-0').on('click', function () {              spider_page_0(this, 1, -2, 'numeric');              return false;            });            jQuery('.prev-page-0').on('click', function () {              spider_page_0(this, 1, -1, 'numeric');              return false;            });            jQuery('.next-page-0').on('click', function () {              spider_page_0(this, 1, 1, 'numeric');              return false;            });            jQuery('.last-page-0').on('click', function () {              spider_page_0(this, 1, 2, 'numeric');              return false;            });        \t\t\t\t\/* Change page on input enter. *\/        function bwg_change_page_0( e, that ) {          if (  e.key == 'Enter' ) {            var to_page = parseInt(jQuery(that).val());            var pages_count = jQuery(that).parents(\".pagination-links\").data(\"pages-count\");            var current_url_param = jQuery(that).attr('data-url-info');            if (to_page > pages_count) {              to_page = 1;            }\t \t\t\t\t\t\t\t\t\t\t\t\tspider_page_0(this, to_page, 0, 'numeric');\t\t\t\t\t\t\treturn false;\t\t\t\t\t\t          }          return true;        }        jQuery('.bwg_load_btn_0').on('click', function () {            spider_page_0(this, 1, 1, true);            return false;        });      <\/script>      <\/span>                <\/div>        <\/form>              <\/div>    <\/div>    <script>      if (document.readyState === 'complete') {        if( typeof bwg_main_ready == 'function' ) {          if ( jQuery(\"#bwg_container1_0\").height() ) {            bwg_main_ready(jQuery(\"#bwg_container1_0\"));          }        }      } else {        document.addEventListener('DOMContentLoaded', function() {          if( typeof bwg_main_ready == 'function' ) {            if ( jQuery(\"#bwg_container1_0\").height() ) {             bwg_main_ready(jQuery(\"#bwg_container1_0\"));            }          }        });      }    <\/script>    \n","protected":false},"excerpt":{"rendered":"<p>Palma-Vorort El Molinar Rund vier Kilometer \u00f6stlich von Palma liegt ein weiterer Vorort der Metropole am Meer. El Molinar ging urspr\u00fcnglich aus dem Fischerviertel von Portixol hervor. Sp\u00e4ter siedelten sich mehrere M\u00fchlen an der besonders im Fr\u00fchjahr und Herbst vom Wind gepeitschten K\u00fcstenlinie hervor. Erst mit dem Beginn des \u00a020. Jahrhunderts wichen die M\u00fchlbetriebe den [&hellip;]<\/p>\n","protected":false},"author":1,"featured_media":0,"comment_status":"closed","ping_status":"closed","sticky":false,"template":"","format":"standard","meta":{"footnotes":""},"categories":[1,13,4,3],"tags":[],"jetpack_featured_media_url":"","_links":{"self":[{"href":"https:\/\/mallorca-fotos.info\/index.php?rest_route=\/wp\/v2\/posts\/596"}],"collection":[{"href":"https:\/\/mallorca-fotos.info\/index.php?rest_route=\/wp\/v2\/posts"}],"about":[{"href":"https:\/\/mallorca-fotos.info\/index.php?rest_route=\/wp\/v2\/types\/post"}],"author":[{"embeddable":true,"href":"https:\/\/mallorca-fotos.info\/index.php?rest_route=\/wp\/v2\/users\/1"}],"replies":[{"embeddable":true,"href":"https:\/\/mallorca-fotos.info\/index.php?rest_route=%2Fwp%2Fv2%2Fcomments&post=596"}],"version-history":[{"count":5,"href":"https:\/\/mallorca-fotos.info\/index.php?rest_route=\/wp\/v2\/posts\/596\/revisions"}],"predecessor-version":[{"id":668,"href":"https:\/\/mallorca-fotos.info\/index.php?rest_route=\/wp\/v2\/posts\/596\/revisions\/668"}],"wp:attachment":[{"href":"https:\/\/mallorca-fotos.info\/index.php?rest_route=%2Fwp%2Fv2%2Fmedia&parent=596"}],"wp:term":[{"taxonomy":"category","embeddable":true,"href":"https:\/\/mallorca-fotos.info\/index.php?rest_route=%2Fwp%2Fv2%2Fcategories&post=596"},{"taxonomy":"post_tag","embeddable":true,"href":"https:\/\/mallorca-fotos.info\/index.php?rest_route=%2Fwp%2Fv2%2Ftags&post=596"}],"curies":[{"name":"wp","href":"https:\/\/api.w.org\/{rel}","templated":true}]}}